{"id":5789,"date":"2020-04-26T23:26:06","date_gmt":"2020-04-26T23:26:06","guid":{"rendered":"https:\/\/oparanews.com.br\/?p=5789"},"modified":"2020-04-26T23:26:06","modified_gmt":"2020-04-26T23:26:06","slug":"moro-diz-ser-alvo-de-campanha-de-fake-news-nas-redes","status":"publish","type":"post","link":"https:\/\/www.oparanews.com.br\/index.php\/2020\/04\/26\/moro-diz-ser-alvo-de-campanha-de-fake-news-nas-redes\/","title":{"rendered":"Moro diz ser alvo de &#8220;campanha de fake news nas redes&#8221;"},"content":{"rendered":"<p>&#8220;Tenho visto uma campanha de fake News nas redes sociais e em grupos de whatsapp para me desqualificar&#8221;, afirmou, neste domingo, 26, o ex-ministro da Justi\u00e7a e Seguran\u00e7a P\u00fablica, S\u00e9rgio Moro. &#8220;N\u00e3o me preocupo; j\u00e1 passei por isso durante e depois da Lava Jato. Verdade acima de tudo. Fazer a coisa certa acima de todos&#8221;, disse.<\/p>\n<p>O ministro tem sido ativo nas redes sociais desde que deixou o governo, e reiterado acusa\u00e7\u00f5es e cr\u00edticas ao presidente Jair Bolsonaro (sem partido). No s\u00e1bado, 25, Moro compartilhou uma campanha do Minist\u00e9rio da Justi\u00e7a. &#8220;Fa\u00e7a a coisa certa, pelos motivos certos e do jeito certo&#8221; foi o lema de campanha de integridade que fizemos logo no in\u00edcio no MJSP&#8221;, afirmou.<\/p>\n<p>Em seguida, no mesmo dia, foi a vez de Bolsonaro dizer, em seu Twitter: &#8220;A Vaza Jato come\u00e7ou em junho de 2019. Foram vazamentos sistem\u00e1ticos de conversas de S\u00e9rgio Moro com membros do MPF. Buscavam anular processos e acabar com a reputa\u00e7\u00e3o do ex-juiz. Em julho, PT e PDT pediram pris\u00e3o dele. Em setembro, cobravam o STF. Bolsonaro, no desfile, fez isso&#8221;, diz a mensagem, que acompanha uma imagem do presidente ao lado de Moro&#8221;.<\/p>\n<p>Moro respondeu. &#8220;Sobre reclama\u00e7\u00e3o na rede social do Sr. Presidente quanto \u00e0 suposta ingratid\u00e3o: tamb\u00e9m apoiei o PR quando ele foi injustamente atacado. Mas preservar a PF de interfer\u00eancia pol\u00edtica \u00e9 uma quest\u00e3o institucional, de Estado de Direito, e n\u00e3o de relacionamento pessoal&#8221;.<\/p>\n<p>Ao anunciar a sa\u00edda do cargo, o ministro da Justi\u00e7a e Seguran\u00e7a P\u00fablica, S\u00e9rgio Moro, acusou na sexta-feira, 24, o presidente Jair Bolsonaro de tentar interferir politicamente no comando da Pol\u00edcia Federal para obter acesso a informa\u00e7\u00f5es sigilosas e relat\u00f3rios de intelig\u00eancia. &#8220;O presidente me quer fora do cargo&#8221;, disse Moro, ao deixar claro que a sa\u00edda foi motivada por decis\u00e3o de Bolsonaro.<\/p>\n<p>Em seguida, o ex-ministro da Justi\u00e7a exibiu mensagens que, segundo ele, demonstram a press\u00e3o do presidente para a troca de Valeixo. No conte\u00fado gravado no WhatsApp, o presidente mostra uma not\u00edcia sobre investiga\u00e7\u00f5es contra deputados aliados para exigir a troca do diretor-geral da PF.<\/p>\n<p>Moro tamb\u00e9m exibiu uma conversa com a deputada federal Carla Zambelli, em que ela pede para que o ministro aceite uma vaga no STF em setembro, e tamb\u00e9m a troca na PF, pelo diretor da Abin. &#8220;V\u00e1 em setembro para o STF. Eu me comprometo a ajudar. A fazer o JB prometer&#8221;.<\/p>\n<p>&#8220;Prezada, n\u00e3o estou \u00e0 venda&#8221;, respondeu Moro.<\/p>\n<p>Ainda neste domingo, Bolsonaro pode anunciar o substituto do ministro para a pasta. O atual chefe da Secretaria-Geral da Presid\u00eancia da Rep\u00fablica, ministro Jorge Oliveira, deve ser oficializado. Pr\u00f3ximo da fam\u00edlia, Oliveira n\u00e3o queria aceitar o cargo, mas o presidente disse a ele que se tratava de uma &#8220;miss\u00e3o&#8221;, segundo fontes do Pal\u00e1cio do Planalto.<\/p>\n<p>&#8220;Juntos com o PR @jairbolsonaro por um Brasil melhor. Brasil acima de tudo, Deus acima de todos!&#8221;, escreveu Oliveira, em seu Twitter.<\/p>\n<p>&nbsp;<\/p>\n<p><strong>Fonte: Terra<\/strong><\/p>\n<p>&nbsp;<\/p>\n","protected":false},"excerpt":{"rendered":"<p>&#8220;Tenho visto uma campanha de fake News nas redes sociais e em grupos de whatsapp para me desqualificar&#8221;, afirmou, neste domingo, 26, o ex-ministro da Justi\u00e7a e Seguran\u00e7a P\u00fablica, S\u00e9rgio Moro. &#8220;N\u00e3o me preocupo; j\u00e1 passei por isso durante e depois da Lava Jato. Verdade acima de tudo. Fazer a coisa certa acima de todos&#8221;, &hellip;<\/p>\n","protected":false},"author":1,"featured_media":5790,"comment_status":"open","ping_status":"open","sticky":false,"template":"","format":"standard","meta":{"_jetpack_newsletter_access":"","_jetpack_dont_email_post_to_subs":false,"_jetpack_newsletter_tier_id":0,"_jetpack_memberships_contains_paywalled_content":false,"_jetpack_memberships_contains_paid_content":false,"footnotes":""},"categories":[1],"tags":[],"class_list":["post-5789","post","type-post","status-publish","format-standard","has-post-thumbnail","hentry","category-destaque"],"jetpack_sharing_enabled":true,"jetpack_featured_media_url":"","_links":{"self":[{"href":"https:\/\/www.oparanews.com.br\/index.php\/wp-json\/wp\/v2\/posts\/5789","targetHints":{"allow":["GET"]}}],"collection":[{"href":"https:\/\/www.oparanews.com.br\/index.php\/wp-json\/wp\/v2\/posts"}],"about":[{"href":"https:\/\/www.oparanews.com.br\/index.php\/wp-json\/wp\/v2\/types\/post"}],"author":[{"embeddable":true,"href":"https:\/\/www.oparanews.com.br\/index.php\/wp-json\/wp\/v2\/users\/1"}],"replies":[{"embeddable":true,"href":"https:\/\/www.oparanews.com.br\/index.php\/wp-json\/wp\/v2\/comments?post=5789"}],"version-history":[{"count":0,"href":"https:\/\/www.oparanews.com.br\/index.php\/wp-json\/wp\/v2\/posts\/5789\/revisions"}],"wp:attachment":[{"href":"https:\/\/www.oparanews.com.br\/index.php\/wp-json\/wp\/v2\/media?parent=5789"}],"wp:term":[{"taxonomy":"category","embeddable":true,"href":"https:\/\/www.oparanews.com.br\/index.php\/wp-json\/wp\/v2\/categories?post=5789"},{"taxonomy":"post_tag","embeddable":true,"href":"https:\/\/www.oparanews.com.br\/index.php\/wp-json\/wp\/v2\/tags?post=5789"}],"curies":[{"name":"wp","href":"https:\/\/api.w.org\/{rel}","templated":true}]}}