{"id":5813,"date":"2020-04-27T15:57:16","date_gmt":"2020-04-27T15:57:16","guid":{"rendered":"https:\/\/oparanews.com.br\/?p=5813"},"modified":"2020-04-27T15:57:16","modified_gmt":"2020-04-27T15:57:16","slug":"confirmado-penedo-registra-primeiro-caso-de-covid-19","status":"publish","type":"post","link":"https:\/\/www.oparanews.com.br\/index.php\/2020\/04\/27\/confirmado-penedo-registra-primeiro-caso-de-covid-19\/","title":{"rendered":"CONFIRMADO: Penedo registra primeiro caso de covid-19"},"content":{"rendered":"<p>Saiu no final da manh\u00e3 desta segunda-feira, 27, a contraprova do exame feito em uma idosa com suspeita de Coronav\u00edrus em Penedo. O resultado foi positivo. Inicialmente ela tinha feito um teste r\u00e1pido e tinha dado positivo.<\/p>\n<p>A divulga\u00e7\u00e3o do resultado da contraprova foi feita pelo prefeito municipal de Penedo, Marcius Beltr\u00e3o, atrav\u00e9s das suas redes sociais.<\/p>\n<p>Segundo informa\u00e7\u00f5es, a idosa (que n\u00e3o teve a identidade revelada) reside no bairro de Santa Luzia, parte alta da cidade ribeirinha de Penedo. O secret\u00e1rio de Sa\u00fade do munic\u00edpio, Marcos Beltr\u00e3o, em entrevista nas r\u00e1dios locais, disse que a idosa est\u00e1 internada em um hospital de Coruripe.<\/p>\n<p>Ainda segundo informa\u00e7\u00f5es, a idosa foi infectada ap\u00f3s receber visita de parentes oriundos do Estado de Pernambuco.<\/p>\n<p>Ap\u00f3s esta confirma\u00e7\u00e3o, equipes da Secretaria Municipal de Sa\u00fade, dever\u00e3o fazer uma investiga\u00e7\u00e3o para saber quem teve contato com a idosa e possivelmente passar\u00e3o por exames para constatar se foram infectadas.<\/p>\n<p>&nbsp;<\/p>\n<p><strong>por Reda\u00e7\u00e3o<\/strong><\/p>\n<p>&nbsp;<\/p>\n","protected":false},"excerpt":{"rendered":"<p>Saiu no final da manh\u00e3 desta segunda-feira, 27, a contraprova do exame feito em uma idosa com suspeita de Coronav\u00edrus em Penedo. O resultado foi positivo. Inicialmente ela tinha feito um teste r\u00e1pido e tinha dado positivo. A divulga\u00e7\u00e3o do resultado da contraprova foi feita pelo prefeito municipal de Penedo, Marcius Beltr\u00e3o, atrav\u00e9s das suas &hellip;<\/p>\n","protected":false},"author":1,"featured_media":5814,"comment_status":"open","ping_status":"open","sticky":false,"template":"","format":"standard","meta":{"_jetpack_newsletter_access":"","_jetpack_dont_email_post_to_subs":false,"_jetpack_newsletter_tier_id":0,"_jetpack_memberships_contains_paywalled_content":false,"_jetpack_memberships_contains_paid_content":false,"footnotes":""},"categories":[1],"tags":[],"class_list":["post-5813","post","type-post","status-publish","format-standard","has-post-thumbnail","hentry","category-destaque"],"jetpack_sharing_enabled":true,"jetpack_featured_media_url":"","_links":{"self":[{"href":"https:\/\/www.oparanews.com.br\/index.php\/wp-json\/wp\/v2\/posts\/5813","targetHints":{"allow":["GET"]}}],"collection":[{"href":"https:\/\/www.oparanews.com.br\/index.php\/wp-json\/wp\/v2\/posts"}],"about":[{"href":"https:\/\/www.oparanews.com.br\/index.php\/wp-json\/wp\/v2\/types\/post"}],"author":[{"embeddable":true,"href":"https:\/\/www.oparanews.com.br\/index.php\/wp-json\/wp\/v2\/users\/1"}],"replies":[{"embeddable":true,"href":"https:\/\/www.oparanews.com.br\/index.php\/wp-json\/wp\/v2\/comments?post=5813"}],"version-history":[{"count":0,"href":"https:\/\/www.oparanews.com.br\/index.php\/wp-json\/wp\/v2\/posts\/5813\/revisions"}],"wp:attachment":[{"href":"https:\/\/www.oparanews.com.br\/index.php\/wp-json\/wp\/v2\/media?parent=5813"}],"wp:term":[{"taxonomy":"category","embeddable":true,"href":"https:\/\/www.oparanews.com.br\/index.php\/wp-json\/wp\/v2\/categories?post=5813"},{"taxonomy":"post_tag","embeddable":true,"href":"https:\/\/www.oparanews.com.br\/index.php\/wp-json\/wp\/v2\/tags?post=5813"}],"curies":[{"name":"wp","href":"https:\/\/api.w.org\/{rel}","templated":true}]}}