{"id":5857,"date":"2020-04-29T02:44:32","date_gmt":"2020-04-29T02:44:32","guid":{"rendered":"https:\/\/oparanews.com.br\/?p=5857"},"modified":"2020-04-29T02:44:32","modified_gmt":"2020-04-29T02:44:32","slug":"cbf-sugere-a-federacoes-data-para-retomada-dos-estaduais","status":"publish","type":"post","link":"https:\/\/www.oparanews.com.br\/index.php\/2020\/04\/29\/cbf-sugere-a-federacoes-data-para-retomada-dos-estaduais\/","title":{"rendered":"CBF sugere a federa\u00e7\u00f5es data para retomada dos Estaduais"},"content":{"rendered":"<p>A articula\u00e7\u00e3o pela volta dos Campeonatos Estaduais come\u00e7ou a ser feita. Em reuni\u00e3o por videoconfer\u00eancia nesta ter\u00e7a-feira com as federa\u00e7\u00f5es estaduais, a CBF sugeriu que as entidades tentem viabilizar o retorno de suas respectivas competi\u00e7\u00f5es no dia 17 de maio.<\/p>\n<p>Segundo o jornal &#8220;O Globo&#8221;, o presidente da CBF, Rog\u00e9rio Caboclo, reconheceu que o futebol tende a encontrar diferentes cen\u00e1rio pelo pa\u00eds afora, uma vez que h\u00e1 diferen\u00e7as na dissemina\u00e7\u00e3o do novo coronav\u00edrus e no posicionamento das autoridades locais sobre o assunto.<\/p>\n<p>O mandat\u00e1rio frisou que o dia 17 de maio \u00e9 uma sugest\u00e3o e n\u00e3o uma determina\u00e7\u00e3o, pois a entidade n\u00e3o tem condi\u00e7\u00f5es de passar por cima das autoridades e ordenar o retorno das competi\u00e7\u00f5es.<\/p>\n<p>As federa\u00e7\u00f5es estaduais ter\u00e3o autonomia para definir com governadores e prefeitos protocolos m\u00e9dicos que sejam adequados \u00e0s respectivas realidades. O intuito \u00e9 que a volta dos Estaduais abra brechas para que o Brasileir\u00e3o e a Copa do Brasil possam se desenrolar.<\/p>\n<p>&nbsp;<\/p>\n<p><strong>Fonte: Terra<\/strong><\/p>\n<p>&nbsp;<\/p>\n","protected":false},"excerpt":{"rendered":"<p>A articula\u00e7\u00e3o pela volta dos Campeonatos Estaduais come\u00e7ou a ser feita. Em reuni\u00e3o por videoconfer\u00eancia nesta ter\u00e7a-feira com as federa\u00e7\u00f5es estaduais, a CBF sugeriu que as entidades tentem viabilizar o retorno de suas respectivas competi\u00e7\u00f5es no dia 17 de maio. Segundo o jornal &#8220;O Globo&#8221;, o presidente da CBF, Rog\u00e9rio Caboclo, reconheceu que o futebol &hellip;<\/p>\n","protected":false},"author":1,"featured_media":5858,"comment_status":"open","ping_status":"open","sticky":false,"template":"","format":"standard","meta":{"_jetpack_newsletter_access":"","_jetpack_dont_email_post_to_subs":false,"_jetpack_newsletter_tier_id":0,"_jetpack_memberships_contains_paywalled_content":false,"_jetpack_memberships_contains_paid_content":false,"footnotes":""},"categories":[1],"tags":[],"class_list":["post-5857","post","type-post","status-publish","format-standard","has-post-thumbnail","hentry","category-destaque"],"jetpack_sharing_enabled":true,"jetpack_featured_media_url":"","_links":{"self":[{"href":"https:\/\/www.oparanews.com.br\/index.php\/wp-json\/wp\/v2\/posts\/5857","targetHints":{"allow":["GET"]}}],"collection":[{"href":"https:\/\/www.oparanews.com.br\/index.php\/wp-json\/wp\/v2\/posts"}],"about":[{"href":"https:\/\/www.oparanews.com.br\/index.php\/wp-json\/wp\/v2\/types\/post"}],"author":[{"embeddable":true,"href":"https:\/\/www.oparanews.com.br\/index.php\/wp-json\/wp\/v2\/users\/1"}],"replies":[{"embeddable":true,"href":"https:\/\/www.oparanews.com.br\/index.php\/wp-json\/wp\/v2\/comments?post=5857"}],"version-history":[{"count":0,"href":"https:\/\/www.oparanews.com.br\/index.php\/wp-json\/wp\/v2\/posts\/5857\/revisions"}],"wp:attachment":[{"href":"https:\/\/www.oparanews.com.br\/index.php\/wp-json\/wp\/v2\/media?parent=5857"}],"wp:term":[{"taxonomy":"category","embeddable":true,"href":"https:\/\/www.oparanews.com.br\/index.php\/wp-json\/wp\/v2\/categories?post=5857"},{"taxonomy":"post_tag","embeddable":true,"href":"https:\/\/www.oparanews.com.br\/index.php\/wp-json\/wp\/v2\/tags?post=5857"}],"curies":[{"name":"wp","href":"https:\/\/api.w.org\/{rel}","templated":true}]}}