{"id":5870,"date":"2020-04-29T13:05:40","date_gmt":"2020-04-29T13:05:40","guid":{"rendered":"https:\/\/oparanews.com.br\/?p=5870"},"modified":"2020-04-29T13:05:40","modified_gmt":"2020-04-29T13:05:40","slug":"prefeito-de-palmeira-dos-indios-diz-que-teste-deu-positivo-para-covid-19","status":"publish","type":"post","link":"https:\/\/www.oparanews.com.br\/index.php\/2020\/04\/29\/prefeito-de-palmeira-dos-indios-diz-que-teste-deu-positivo-para-covid-19\/","title":{"rendered":"Prefeito de Palmeira dos \u00cdndios diz que teste deu positivo para Covid-19"},"content":{"rendered":"<p>O prefeito de Palmeira dos \u00cdndios, Julio Cezar (PSB), informou que o teste para Covid-19 que ele havia feito teve resultado positivo. A informa\u00e7\u00e3o foi confirmada pela assessoria de comunica\u00e7\u00e3o da prefeitura nesta quarta-feira (29).<\/p>\n<p>Em uma publica\u00e7\u00e3o feita em sua rede social, o prefeito fala que est\u00e1 bem, e que fez o teste por recomenda\u00e7\u00e3o m\u00e9dica ap\u00f3s sentir alguns sintomas.<\/p>\n<p>\u201dEsse v\u00edrus n\u00e3o respeita e nem poupa ningu\u00e9m. Caso seja poss\u00edvel, me incluam em suas ora\u00e7\u00f5es, porque eu tamb\u00e9m estarei em ora\u00e7\u00e3o por mim e por tantos outros que foram infectados no cumprimento da sua miss\u00e3o em ajudar as pessoas e proteger vidas. Fiquem em casa, usem m\u00e1scara e que o nosso Deus aben\u00e7oe a todos n\u00f3s!\u201d, finalizou o prefeito.<\/p>\n<p>Segundo a assessoria, Julio Cezar est\u00e1 sem sintomas graves e em isolamento em casa desde o s\u00e1bado (25), onde deve ficar pelo per\u00edodo de 14 dias, per\u00edodo recomendado em casos de Covid-19. E falar\u00e1 com sua equipe de gest\u00e3o apenas por videoconfer\u00eancia.<\/p>\n<p>&nbsp;<\/p>\n<p><strong>Fonte: G1\/AL<\/strong><\/p>\n<p>&nbsp;<\/p>\n","protected":false},"excerpt":{"rendered":"<p>O prefeito de Palmeira dos \u00cdndios, Julio Cezar (PSB), informou que o teste para Covid-19 que ele havia feito teve resultado positivo. A informa\u00e7\u00e3o foi confirmada pela assessoria de comunica\u00e7\u00e3o da prefeitura nesta quarta-feira (29). Em uma publica\u00e7\u00e3o feita em sua rede social, o prefeito fala que est\u00e1 bem, e que fez o teste por &hellip;<\/p>\n","protected":false},"author":1,"featured_media":5871,"comment_status":"open","ping_status":"open","sticky":false,"template":"","format":"standard","meta":{"_jetpack_newsletter_access":"","_jetpack_dont_email_post_to_subs":false,"_jetpack_newsletter_tier_id":0,"_jetpack_memberships_contains_paywalled_content":false,"_jetpack_memberships_contains_paid_content":false,"footnotes":""},"categories":[1],"tags":[],"class_list":["post-5870","post","type-post","status-publish","format-standard","has-post-thumbnail","hentry","category-destaque"],"jetpack_sharing_enabled":true,"jetpack_featured_media_url":"","_links":{"self":[{"href":"https:\/\/www.oparanews.com.br\/index.php\/wp-json\/wp\/v2\/posts\/5870","targetHints":{"allow":["GET"]}}],"collection":[{"href":"https:\/\/www.oparanews.com.br\/index.php\/wp-json\/wp\/v2\/posts"}],"about":[{"href":"https:\/\/www.oparanews.com.br\/index.php\/wp-json\/wp\/v2\/types\/post"}],"author":[{"embeddable":true,"href":"https:\/\/www.oparanews.com.br\/index.php\/wp-json\/wp\/v2\/users\/1"}],"replies":[{"embeddable":true,"href":"https:\/\/www.oparanews.com.br\/index.php\/wp-json\/wp\/v2\/comments?post=5870"}],"version-history":[{"count":0,"href":"https:\/\/www.oparanews.com.br\/index.php\/wp-json\/wp\/v2\/posts\/5870\/revisions"}],"wp:attachment":[{"href":"https:\/\/www.oparanews.com.br\/index.php\/wp-json\/wp\/v2\/media?parent=5870"}],"wp:term":[{"taxonomy":"category","embeddable":true,"href":"https:\/\/www.oparanews.com.br\/index.php\/wp-json\/wp\/v2\/categories?post=5870"},{"taxonomy":"post_tag","embeddable":true,"href":"https:\/\/www.oparanews.com.br\/index.php\/wp-json\/wp\/v2\/tags?post=5870"}],"curies":[{"name":"wp","href":"https:\/\/api.w.org\/{rel}","templated":true}]}}