{"id":5892,"date":"2020-04-30T01:18:24","date_gmt":"2020-04-30T01:18:24","guid":{"rendered":"https:\/\/oparanews.com.br\/?p=5892"},"modified":"2020-04-30T01:18:24","modified_gmt":"2020-04-30T01:18:24","slug":"coren-al-diz-que-23-profissionais-de-enfermagem-estao-com-covid-19","status":"publish","type":"post","link":"https:\/\/www.oparanews.com.br\/index.php\/2020\/04\/30\/coren-al-diz-que-23-profissionais-de-enfermagem-estao-com-covid-19\/","title":{"rendered":"Coren-AL diz que 23 profissionais de enfermagem est\u00e3o com Covid-19"},"content":{"rendered":"<p>O Conselho Regional de Enfermagem de Alagoas (Coren-AL) divulgou nesta quarta-feira (29) que 23 profissionais da enfermagem est\u00e3o com Covid-19. No total s\u00e3o 105 profissionais afastados do trabalho, os 23 com a doen\u00e7a e 82 com suspeita.<\/p>\n<p>Os 105 casos s\u00e3o de auxiliares, t\u00e9cnicos e enfermeiros. De acordo com o conselho, os dados foram registrados at\u00e9 a ter\u00e7a-feira (27).<\/p>\n<p>O Coren-AL disse que a situa\u00e7\u00e3o pode ser ainda mais grave, porque os dados n\u00e3o refletem a atual situa\u00e7\u00e3o vivida no estado, e que muitas institui\u00e7\u00f5es de sa\u00fade ainda n\u00e3o repassaram seus dados.<\/p>\n<p>O Coren-AL solicitou aos enfermeiros respons\u00e1veis t\u00e9cnicos de todas as institui\u00e7\u00f5es de sa\u00fade do estado que comuniquem o caso de qualquer profissional afastado com suspeita, internado e\/ou \u00f3bito confirmado por Covid-19.<\/p>\n<p>\u201cEstamos vigilantes, garantindo o direito do profissional de enfermagem exercer sua profiss\u00e3o com seguran\u00e7a para si e para sociedade\u201d, afirmou o presidente do Coren-AL, Renn\u00e9 Costa, que tamb\u00e9m destacou a import\u00e2ncia do controle sobre a expans\u00e3o da doen\u00e7a entre os profissionais de enfermagem em Alagoas.<\/p>\n<p>&nbsp;<\/p>\n<p><strong>Fonte: G1\/AL<\/strong><\/p>\n<p>&nbsp;<\/p>\n","protected":false},"excerpt":{"rendered":"<p>O Conselho Regional de Enfermagem de Alagoas (Coren-AL) divulgou nesta quarta-feira (29) que 23 profissionais da enfermagem est\u00e3o com Covid-19. No total s\u00e3o 105 profissionais afastados do trabalho, os 23 com a doen\u00e7a e 82 com suspeita. Os 105 casos s\u00e3o de auxiliares, t\u00e9cnicos e enfermeiros. De acordo com o conselho, os dados foram registrados &hellip;<\/p>\n","protected":false},"author":1,"featured_media":5893,"comment_status":"open","ping_status":"open","sticky":false,"template":"","format":"standard","meta":{"_jetpack_newsletter_access":"","_jetpack_dont_email_post_to_subs":false,"_jetpack_newsletter_tier_id":0,"_jetpack_memberships_contains_paywalled_content":false,"_jetpack_memberships_contains_paid_content":false,"footnotes":""},"categories":[1],"tags":[],"class_list":["post-5892","post","type-post","status-publish","format-standard","has-post-thumbnail","hentry","category-destaque"],"jetpack_sharing_enabled":true,"jetpack_featured_media_url":"","_links":{"self":[{"href":"https:\/\/www.oparanews.com.br\/index.php\/wp-json\/wp\/v2\/posts\/5892","targetHints":{"allow":["GET"]}}],"collection":[{"href":"https:\/\/www.oparanews.com.br\/index.php\/wp-json\/wp\/v2\/posts"}],"about":[{"href":"https:\/\/www.oparanews.com.br\/index.php\/wp-json\/wp\/v2\/types\/post"}],"author":[{"embeddable":true,"href":"https:\/\/www.oparanews.com.br\/index.php\/wp-json\/wp\/v2\/users\/1"}],"replies":[{"embeddable":true,"href":"https:\/\/www.oparanews.com.br\/index.php\/wp-json\/wp\/v2\/comments?post=5892"}],"version-history":[{"count":0,"href":"https:\/\/www.oparanews.com.br\/index.php\/wp-json\/wp\/v2\/posts\/5892\/revisions"}],"wp:attachment":[{"href":"https:\/\/www.oparanews.com.br\/index.php\/wp-json\/wp\/v2\/media?parent=5892"}],"wp:term":[{"taxonomy":"category","embeddable":true,"href":"https:\/\/www.oparanews.com.br\/index.php\/wp-json\/wp\/v2\/categories?post=5892"},{"taxonomy":"post_tag","embeddable":true,"href":"https:\/\/www.oparanews.com.br\/index.php\/wp-json\/wp\/v2\/tags?post=5892"}],"curies":[{"name":"wp","href":"https:\/\/api.w.org\/{rel}","templated":true}]}}