{"id":5895,"date":"2020-04-30T01:21:04","date_gmt":"2020-04-30T01:21:04","guid":{"rendered":"https:\/\/oparanews.com.br\/?p=5895"},"modified":"2020-04-30T01:21:04","modified_gmt":"2020-04-30T01:21:04","slug":"sikera-jr-testa-positivo-para-covid-19-e-desmente-dano-nos-pulmoes","status":"publish","type":"post","link":"https:\/\/www.oparanews.com.br\/index.php\/2020\/04\/30\/sikera-jr-testa-positivo-para-covid-19-e-desmente-dano-nos-pulmoes\/","title":{"rendered":"Sik\u00eara Jr testa positivo para Covid-19 e desmente dano nos pulm\u00f5es"},"content":{"rendered":"<p>Apresentador do &#8220;Alerta Nacional&#8221;, da Rede TV!, Sik\u00eara Jr. afirmou que testou positivo para a covid-19, mas desmentiu boato que circulou mais cedo pelas redes sociais, de que estaria em estado grave e com os dois pulm\u00f5es comprometidos.<\/p>\n<p>Na semana passada, Sik\u00eara passou mal, foi substitu\u00eddo \u00e0s pressas e afastado por tempo indeterminado pela dire\u00e7\u00e3o da emissora. Na TV, ele disse ter feito o primeiro teste para covid-19, que deu negativo, e garantiu que aquele mal-estar seria apenas uma gripe. Hoje, no entanto, o apresentador de 53 anos contou que a contraprova deu positivo.<\/p>\n<p>&#8220;\u00c9 uma surpresa, n\u00e9? A gente acha que s\u00f3 pega fogo na casa do vizinho. E a vida me deu essa li\u00e7\u00e3o. A gente n\u00e3o acredita enquanto n\u00e3o acontece com a gente, n\u00e9? Enquanto acontece com o nosso vizinho, normal. Mas quando acontece conosco, a hist\u00f3ria \u00e9 outra. E \u00e9 isso. Estou aqui, apesar de tanta especula\u00e7\u00e3o&#8221;, disse ele, em entrevista ao &#8220;Alerta Nacional&#8221;, hoje.<\/p>\n<p>Na mensagem, Sik\u00eara pediu para que o brasileiro &#8220;n\u00e3o subestime o coronav\u00edrus, como eu fiz, \u00e9 mais s\u00e9rio do que eu imaginava&#8221;.<\/p>\n<p>&#8220;Agora estou bem, estou bem acompanhado. Estou tomando a medica\u00e7\u00e3o, seguindo \u00e0 risca o que eles me orientaram. Pedi a Deus para que eu passe por essa. \u00c9 um v\u00edrus longo, e a Ci\u00eancia est\u00e1 brigando para conseguir uma f\u00f3rmula nova&#8221;, completou.<\/p>\n<p><strong>Filha desmente boatos<\/strong><\/p>\n<p>Mais cedo, informa\u00e7\u00f5es de que Sik\u00eara teria contra\u00eddo o novo coronav\u00edrus e de que estaria em estado grave, com os dois pulm\u00f5es comprometidos, se espalharam rapidamente pelas redes sociais.<\/p>\n<p>Em tom de revolta, Larissa Siqueira, filha do apresentador, desmentiu os boatos sobre a gravidade da doen\u00e7a, mas n\u00e3o falou nada em rela\u00e7\u00e3o ao coronav\u00edrus.<\/p>\n<p>&#8220;Meu pai est\u00e1 em casa, doente, mas se recuperando. E as pessoas ficam inventando coisas a respeito disso. N\u00e3o acreditem. Ele n\u00e3o est\u00e1 no hospital e n\u00e3o est\u00e1 com o pulm\u00e3o comprometido. Que saco!&#8221;, disse ela, por meio de seu perfil no Instagram.<\/p>\n<p>Na TV, Sik\u00eara tamb\u00e9m reclamou da fake news: &#8220;Chegaram a dizer que eu estava na UTI, com os dois pulm\u00f5es comprometidos. \u00c9 muita mentira. N\u00e3o tem o por qu\u00ea disso, colegas. Para qu\u00ea? Isso s\u00f3 gera preocupa\u00e7\u00e3o para a minha fam\u00edlia inteira&#8221;, protestou.<\/p>\n<p>&nbsp;<\/p>\n<p><strong>Fonte: UOL<\/strong><\/p>\n<p>&nbsp;<\/p>\n","protected":false},"excerpt":{"rendered":"<p>Apresentador do &#8220;Alerta Nacional&#8221;, da Rede TV!, Sik\u00eara Jr. afirmou que testou positivo para a covid-19, mas desmentiu boato que circulou mais cedo pelas redes sociais, de que estaria em estado grave e com os dois pulm\u00f5es comprometidos. Na semana passada, Sik\u00eara passou mal, foi substitu\u00eddo \u00e0s pressas e afastado por tempo indeterminado pela dire\u00e7\u00e3o &hellip;<\/p>\n","protected":false},"author":1,"featured_media":5896,"comment_status":"open","ping_status":"open","sticky":false,"template":"","format":"standard","meta":{"_jetpack_newsletter_access":"","_jetpack_dont_email_post_to_subs":false,"_jetpack_newsletter_tier_id":0,"_jetpack_memberships_contains_paywalled_content":false,"_jetpack_memberships_contains_paid_content":false,"footnotes":""},"categories":[1],"tags":[],"class_list":["post-5895","post","type-post","status-publish","format-standard","has-post-thumbnail","hentry","category-destaque"],"jetpack_sharing_enabled":true,"jetpack_featured_media_url":"","_links":{"self":[{"href":"https:\/\/www.oparanews.com.br\/index.php\/wp-json\/wp\/v2\/posts\/5895","targetHints":{"allow":["GET"]}}],"collection":[{"href":"https:\/\/www.oparanews.com.br\/index.php\/wp-json\/wp\/v2\/posts"}],"about":[{"href":"https:\/\/www.oparanews.com.br\/index.php\/wp-json\/wp\/v2\/types\/post"}],"author":[{"embeddable":true,"href":"https:\/\/www.oparanews.com.br\/index.php\/wp-json\/wp\/v2\/users\/1"}],"replies":[{"embeddable":true,"href":"https:\/\/www.oparanews.com.br\/index.php\/wp-json\/wp\/v2\/comments?post=5895"}],"version-history":[{"count":0,"href":"https:\/\/www.oparanews.com.br\/index.php\/wp-json\/wp\/v2\/posts\/5895\/revisions"}],"wp:attachment":[{"href":"https:\/\/www.oparanews.com.br\/index.php\/wp-json\/wp\/v2\/media?parent=5895"}],"wp:term":[{"taxonomy":"category","embeddable":true,"href":"https:\/\/www.oparanews.com.br\/index.php\/wp-json\/wp\/v2\/categories?post=5895"},{"taxonomy":"post_tag","embeddable":true,"href":"https:\/\/www.oparanews.com.br\/index.php\/wp-json\/wp\/v2\/tags?post=5895"}],"curies":[{"name":"wp","href":"https:\/\/api.w.org\/{rel}","templated":true}]}}