{"id":5898,"date":"2020-04-30T01:49:49","date_gmt":"2020-04-30T01:49:49","guid":{"rendered":"https:\/\/oparanews.com.br\/?p=5898"},"modified":"2020-04-30T01:49:49","modified_gmt":"2020-04-30T01:49:49","slug":"alagoas-vai-receber-r-391-milhoes-de-ajuste-da-complementacao-do-fundeb","status":"publish","type":"post","link":"https:\/\/www.oparanews.com.br\/index.php\/2020\/04\/30\/alagoas-vai-receber-r-391-milhoes-de-ajuste-da-complementacao-do-fundeb\/","title":{"rendered":"Alagoas vai receber R$ 39,1 milh\u00f5es de ajuste da complementa\u00e7\u00e3o do Fundeb"},"content":{"rendered":"<p>Os munic\u00edpios de Alagoas v\u00e3o receber, at\u00e9 o final desta semana, mais R$ 39,1 milh\u00f5es da Uni\u00e3o referentes ao ajuste da complementa\u00e7\u00e3o do Fundeb de 2019. A portaria do Minist\u00e9rio da Educa\u00e7\u00e3o (MEC) com os valores para cada estado foi publicada na edi\u00e7\u00e3o da \u00faltima sexta-feira (24) no Di\u00e1rio Oficial da Uni\u00e3o, trazendo o demonstrativo de ajuste anual do Fundo de Manuten\u00e7\u00e3o e Desenvolvimento da Educa\u00e7\u00e3o B\u00e1sica e de Valoriza\u00e7\u00e3o dos Profissionais da Educa\u00e7\u00e3o.<\/p>\n<p>O munic\u00edpio mais beneficiado \u00e9 Macei\u00f3, com R$ 2,6 milh\u00f5es para receber do governo federal. Arapiraca vem logo em seguida com expectativa de receber R$ 1,6 milh\u00e3o. A receita total do Fundeb de 2019 foi estimada em R$ 166,6 bilh\u00f5es pelo MEC. Mas o valor efetivamente realizado foi de R$ 167,9 bilh\u00f5es, o que \u00e9 0,8% maior que o previsto. Por conta dessa diferen\u00e7a entre os valores da receita estimada do Fundo e da receita consolidada no ano anterior, o ajuste contempla os Estados benefici\u00e1rios da complementa\u00e7\u00e3o da Uni\u00e3o.<\/p>\n<p>Essa complementa\u00e7\u00e3o da Uni\u00e3o ao Fundeb corresponde a 10% do valor da contribui\u00e7\u00e3o dos Estados, Distrito Federal e Munic\u00edpios ao Fundo e, no seu total, est\u00e3o inclu\u00eddos os 10% que deveriam ser destinados \u00e0 integraliza\u00e7\u00e3o do piso salarial dos professores da educa\u00e7\u00e3o b\u00e1sica. Estes valores, entretanto, t\u00eam sido redistribu\u00eddos igualmente pela matr\u00edcula.<\/p>\n<p>Como regra, o ajuste do valor da complementa\u00e7\u00e3o da Uni\u00e3o ao Fundeb relativa ao ano anterior \u00e9 realizado mediante a efetiva\u00e7\u00e3o de lan\u00e7amentos nas contas correntes espec\u00edficas dos Fundos dos Estados e respectivos Munic\u00edpios beneficiados por essa complementa\u00e7\u00e3o. Os d\u00e9bitos ou cr\u00e9ditos s\u00e3o realizados at\u00e9 o final do m\u00eas de abril em uma s\u00f3 vez.<\/p>\n<p>A presidente da Associa\u00e7\u00e3o dos Munic\u00edpios Alagoanos (AMA), Pauline Pereira, afirma que o ajuste chegar\u00e1 em uma boa hora, j\u00e1 que os munic\u00edpios do estado, assim como no restante do pa\u00eds, sofrem com impactos significativos nas finan\u00e7as gerados pela pandemia da Covid-19, e h\u00e1 ainda preocupa\u00e7\u00e3o quanto a um colapso na educa\u00e7\u00e3o.<\/p>\n<p><strong>Dinheiro a menos<\/strong><\/p>\n<p>A Confedera\u00e7\u00e3o Nacional dos Munic\u00edpios (CNM) tem analisado as receitas do Fundeb, a fim de avaliar quais ser\u00e3o as consequ\u00eancias para os Munic\u00edpios com ajustes a d\u00e9bito da complementa\u00e7\u00e3o da Uni\u00e3o ao Fundo. O presidente da Confedera\u00e7\u00e3o, Glademir Aroldi, tem tratado do assunto com representantes dos Minist\u00e9rios da Economia e da Educa\u00e7\u00e3o, pois o ajuste gerar\u00e1 forte impacto na educa\u00e7\u00e3o.<\/p>\n<p>Em reuni\u00f5es com prefeitos de todo pa\u00eds, o presidente da CNM tem alertado para o impacto da queda na arrecada\u00e7\u00e3o do Fundeb, que poder\u00e1 dificultar a presta\u00e7\u00e3o dos servi\u00e7os educacionais nos Munic\u00edpios.<\/p>\n<p>&nbsp;<\/p>\n<p><strong>Fonte: Gazetaweb<\/strong><\/p>\n<p>&nbsp;<\/p>\n","protected":false},"excerpt":{"rendered":"<p>Os munic\u00edpios de Alagoas v\u00e3o receber, at\u00e9 o final desta semana, mais R$ 39,1 milh\u00f5es da Uni\u00e3o referentes ao ajuste da complementa\u00e7\u00e3o do Fundeb de 2019. A portaria do Minist\u00e9rio da Educa\u00e7\u00e3o (MEC) com os valores para cada estado foi publicada na edi\u00e7\u00e3o da \u00faltima sexta-feira (24) no Di\u00e1rio Oficial da Uni\u00e3o, trazendo o demonstrativo &hellip;<\/p>\n","protected":false},"author":1,"featured_media":5899,"comment_status":"open","ping_status":"open","sticky":false,"template":"","format":"standard","meta":{"_jetpack_newsletter_access":"","_jetpack_dont_email_post_to_subs":false,"_jetpack_newsletter_tier_id":0,"_jetpack_memberships_contains_paywalled_content":false,"_jetpack_memberships_contains_paid_content":false,"footnotes":""},"categories":[1],"tags":[],"class_list":["post-5898","post","type-post","status-publish","format-standard","has-post-thumbnail","hentry","category-destaque"],"jetpack_sharing_enabled":true,"jetpack_featured_media_url":"","_links":{"self":[{"href":"https:\/\/www.oparanews.com.br\/index.php\/wp-json\/wp\/v2\/posts\/5898","targetHints":{"allow":["GET"]}}],"collection":[{"href":"https:\/\/www.oparanews.com.br\/index.php\/wp-json\/wp\/v2\/posts"}],"about":[{"href":"https:\/\/www.oparanews.com.br\/index.php\/wp-json\/wp\/v2\/types\/post"}],"author":[{"embeddable":true,"href":"https:\/\/www.oparanews.com.br\/index.php\/wp-json\/wp\/v2\/users\/1"}],"replies":[{"embeddable":true,"href":"https:\/\/www.oparanews.com.br\/index.php\/wp-json\/wp\/v2\/comments?post=5898"}],"version-history":[{"count":0,"href":"https:\/\/www.oparanews.com.br\/index.php\/wp-json\/wp\/v2\/posts\/5898\/revisions"}],"wp:attachment":[{"href":"https:\/\/www.oparanews.com.br\/index.php\/wp-json\/wp\/v2\/media?parent=5898"}],"wp:term":[{"taxonomy":"category","embeddable":true,"href":"https:\/\/www.oparanews.com.br\/index.php\/wp-json\/wp\/v2\/categories?post=5898"},{"taxonomy":"post_tag","embeddable":true,"href":"https:\/\/www.oparanews.com.br\/index.php\/wp-json\/wp\/v2\/tags?post=5898"}],"curies":[{"name":"wp","href":"https:\/\/api.w.org\/{rel}","templated":true}]}}