{"id":5920,"date":"2020-04-30T17:32:45","date_gmt":"2020-04-30T17:32:45","guid":{"rendered":"https:\/\/oparanews.com.br\/?p=5920"},"modified":"2020-04-30T17:32:45","modified_gmt":"2020-04-30T17:32:45","slug":"prefeito-de-penedo-marcius-beltrao-testa-positivo-para-o-novo-coronavirus","status":"publish","type":"post","link":"https:\/\/www.oparanews.com.br\/index.php\/2020\/04\/30\/prefeito-de-penedo-marcius-beltrao-testa-positivo-para-o-novo-coronavirus\/","title":{"rendered":"Prefeito de Penedo, Marcius Beltr\u00e3o, testa positivo para o novo Coronav\u00edrus"},"content":{"rendered":"<p>Atrav\u00e9s das redes sociais, o prefeito municipal de Penedo Marcius Beltr\u00e3o anunciou que realizou o teste para o Covid-19 e o resultado foi positivo.<\/p>\n<p>Apesar de estar com o novo Coronav\u00edrus, Marcius Beltr\u00e3o, apresenta sintomas leves e durante essa quarentena ir\u00e1 trabalhar de forma remota para d\u00e1 sequ\u00eancia no planejamento de enfrentamento da Pandemia na cidade ribeirinha.<\/p>\n<p>No Instagram, Marcius Beltr\u00e3o escreveu:<\/p>\n<p><em><strong>&#8220;O bom guerreiro, guerreia o bom combate, se fere na batalha, se recupera e volta a batalhar para buscar o bem comum.\u201d Infelizmente, isso s\u00f3 mostra que todos n\u00f3s estamos suscet\u00edveis ao v\u00edrus. Estou cumprindo todas as orienta\u00e7\u00f5es da Organiza\u00e7\u00e3o Mundial da Sa\u00fade no que se refere ao per\u00edodo de quarentena e cuidados. Minha fam\u00edlia tamb\u00e9m fez os testes e gra\u00e7as a Deus foi negativo. Ainda n\u00e3o estou sentindo sintomas. Posso ser ou n\u00e3o assintom\u00e1tico. Pe\u00e7o encarecidamente que tomem cuidado, se previnam e sigam as orienta\u00e7\u00f5es dos \u00f3rg\u00e3os de sa\u00fade. Devemos acreditar e confiar nos especialistas, na ci\u00eancia. #FiquemEmCasa e com a for\u00e7a do nosso Deus vamos superar a Pandemia. Am\u00e9m!!<\/strong><\/em><\/p>\n<p>&nbsp;<\/p>\n<p><strong>por Reda\u00e7\u00e3o<\/strong><\/p>\n<p>&nbsp;<\/p>\n","protected":false},"excerpt":{"rendered":"<p>Atrav\u00e9s das redes sociais, o prefeito municipal de Penedo Marcius Beltr\u00e3o anunciou que realizou o teste para o Covid-19 e o resultado foi positivo. Apesar de estar com o novo Coronav\u00edrus, Marcius Beltr\u00e3o, apresenta sintomas leves e durante essa quarentena ir\u00e1 trabalhar de forma remota para d\u00e1 sequ\u00eancia no planejamento de enfrentamento da Pandemia na &hellip;<\/p>\n","protected":false},"author":1,"featured_media":5924,"comment_status":"open","ping_status":"open","sticky":false,"template":"","format":"standard","meta":{"_jetpack_newsletter_access":"","_jetpack_dont_email_post_to_subs":false,"_jetpack_newsletter_tier_id":0,"_jetpack_memberships_contains_paywalled_content":false,"_jetpack_memberships_contains_paid_content":false,"footnotes":""},"categories":[1],"tags":[],"class_list":["post-5920","post","type-post","status-publish","format-standard","has-post-thumbnail","hentry","category-destaque"],"jetpack_sharing_enabled":true,"jetpack_featured_media_url":"","_links":{"self":[{"href":"https:\/\/www.oparanews.com.br\/index.php\/wp-json\/wp\/v2\/posts\/5920","targetHints":{"allow":["GET"]}}],"collection":[{"href":"https:\/\/www.oparanews.com.br\/index.php\/wp-json\/wp\/v2\/posts"}],"about":[{"href":"https:\/\/www.oparanews.com.br\/index.php\/wp-json\/wp\/v2\/types\/post"}],"author":[{"embeddable":true,"href":"https:\/\/www.oparanews.com.br\/index.php\/wp-json\/wp\/v2\/users\/1"}],"replies":[{"embeddable":true,"href":"https:\/\/www.oparanews.com.br\/index.php\/wp-json\/wp\/v2\/comments?post=5920"}],"version-history":[{"count":0,"href":"https:\/\/www.oparanews.com.br\/index.php\/wp-json\/wp\/v2\/posts\/5920\/revisions"}],"wp:attachment":[{"href":"https:\/\/www.oparanews.com.br\/index.php\/wp-json\/wp\/v2\/media?parent=5920"}],"wp:term":[{"taxonomy":"category","embeddable":true,"href":"https:\/\/www.oparanews.com.br\/index.php\/wp-json\/wp\/v2\/categories?post=5920"},{"taxonomy":"post_tag","embeddable":true,"href":"https:\/\/www.oparanews.com.br\/index.php\/wp-json\/wp\/v2\/tags?post=5920"}],"curies":[{"name":"wp","href":"https:\/\/api.w.org\/{rel}","templated":true}]}}