{"id":5925,"date":"2020-05-01T00:49:24","date_gmt":"2020-05-01T00:49:24","guid":{"rendered":"https:\/\/oparanews.com.br\/?p=5925"},"modified":"2020-05-01T00:49:24","modified_gmt":"2020-05-01T00:49:24","slug":"semed-penedo-distribui-material-para-estudantes-do-ensino-fundamental-e-eja","status":"publish","type":"post","link":"https:\/\/www.oparanews.com.br\/index.php\/2020\/05\/01\/semed-penedo-distribui-material-para-estudantes-do-ensino-fundamental-e-eja\/","title":{"rendered":"Semed Penedo distribui material para estudantes do Ensino Fundamental e EJA"},"content":{"rendered":"<p>Alunos e alunas do Ensino Fundamental e da Educa\u00e7\u00e3o Para Jovens e Adultos (EJA) matriculados na rede de ensino de responsabilidade da Prefeitura de Penedo receber\u00e3o material para estudar em casa.<\/p>\n<p>A iniciativa da Secretaria Municipal de Educa\u00e7\u00e3o amplia o trabalho que come\u00e7ou atendendo as crian\u00e7as da Educa\u00e7\u00e3o Infantil.<\/p>\n<p>A metodologia da Semed Penedo consiste na revis\u00e3o de conte\u00fado das disciplinas L\u00edngua Portuguesa e Matem\u00e1tica apresentado em sala de aula. Como o ano letivo est\u00e1 suspenso em fun\u00e7\u00e3o da pandemia do coronav\u00edrus (Covid-19), a gest\u00e3o da Semed orientou seu corpo t\u00e9cnico para a elabora\u00e7\u00e3o do material pedag\u00f3gico.<\/p>\n<p>A distribui\u00e7\u00e3o ocorrer\u00e1 na escola. Os pais ou respons\u00e1veis devem se dirigir at\u00e9 a unidade de ensino onde o estudante est\u00e1 matriculado para pegar o material que estar\u00e1 dispon\u00edvel a partir da pr\u00f3xima ter\u00e7a-feira, 05 de maio.<\/p>\n<p>\u201cCaso o pai, a m\u00e3e ou a pessoa respons\u00e1vel pelo aluno fa\u00e7a parte do grupo de risco do coronav\u00edrus, o material poder\u00e1 ser entregue a outra pessoa que precisar\u00e1 identificar o nome do estudante e o ano que ele estuda\u201d, explica a Secret\u00e1ria C\u00edntya Alves.<\/p>\n<p>Sobre a devolu\u00e7\u00e3o do material para a devida corre\u00e7\u00e3o das atividades pelos professores, C\u00edntya Alves informa que a data para entrega ser\u00e1 passada pela dire\u00e7\u00e3o de cada unidade de ensino no momento da distribui\u00e7\u00e3o ao pai ou respons\u00e1vel.<\/p>\n<p>\u201cTamb\u00e9m devemos observar que n\u00e3o h\u00e1 necessidade de todo mundo ir at\u00e9 a escola j\u00e1 na ter\u00e7a-feira, dia 05. O material vai ficar dispon\u00edvel para entrega durante toda a semana, a partir das 8 horas, com intervalo do meio-dia \u00e0s duas horas, retomando o atendimento at\u00e9 as 17 horas. Assim a gente evita aglomera\u00e7\u00e3o nesse momento t\u00e3o dif\u00edcil para todos n\u00f3s\u201d, ressalta C\u00edntya Alves, aconselhando o uso da m\u00e1scara por quem for pegar o material na escola.<\/p>\n<p>&nbsp;<\/p>\n<p><strong>por Fernando Vin\u00edcius \u2013 Decom PMP<\/strong><\/p>\n<p>&nbsp;<\/p>\n","protected":false},"excerpt":{"rendered":"<p>Alunos e alunas do Ensino Fundamental e da Educa\u00e7\u00e3o Para Jovens e Adultos (EJA) matriculados na rede de ensino de responsabilidade da Prefeitura de Penedo receber\u00e3o material para estudar em casa. A iniciativa da Secretaria Municipal de Educa\u00e7\u00e3o amplia o trabalho que come\u00e7ou atendendo as crian\u00e7as da Educa\u00e7\u00e3o Infantil. A metodologia da Semed Penedo consiste &hellip;<\/p>\n","protected":false},"author":1,"featured_media":5926,"comment_status":"open","ping_status":"open","sticky":false,"template":"","format":"standard","meta":{"_jetpack_newsletter_access":"","_jetpack_dont_email_post_to_subs":false,"_jetpack_newsletter_tier_id":0,"_jetpack_memberships_contains_paywalled_content":false,"_jetpack_memberships_contains_paid_content":false,"footnotes":""},"categories":[1],"tags":[],"class_list":["post-5925","post","type-post","status-publish","format-standard","has-post-thumbnail","hentry","category-destaque"],"jetpack_sharing_enabled":true,"jetpack_featured_media_url":"","_links":{"self":[{"href":"https:\/\/www.oparanews.com.br\/index.php\/wp-json\/wp\/v2\/posts\/5925","targetHints":{"allow":["GET"]}}],"collection":[{"href":"https:\/\/www.oparanews.com.br\/index.php\/wp-json\/wp\/v2\/posts"}],"about":[{"href":"https:\/\/www.oparanews.com.br\/index.php\/wp-json\/wp\/v2\/types\/post"}],"author":[{"embeddable":true,"href":"https:\/\/www.oparanews.com.br\/index.php\/wp-json\/wp\/v2\/users\/1"}],"replies":[{"embeddable":true,"href":"https:\/\/www.oparanews.com.br\/index.php\/wp-json\/wp\/v2\/comments?post=5925"}],"version-history":[{"count":0,"href":"https:\/\/www.oparanews.com.br\/index.php\/wp-json\/wp\/v2\/posts\/5925\/revisions"}],"wp:attachment":[{"href":"https:\/\/www.oparanews.com.br\/index.php\/wp-json\/wp\/v2\/media?parent=5925"}],"wp:term":[{"taxonomy":"category","embeddable":true,"href":"https:\/\/www.oparanews.com.br\/index.php\/wp-json\/wp\/v2\/categories?post=5925"},{"taxonomy":"post_tag","embeddable":true,"href":"https:\/\/www.oparanews.com.br\/index.php\/wp-json\/wp\/v2\/tags?post=5925"}],"curies":[{"name":"wp","href":"https:\/\/api.w.org\/{rel}","templated":true}]}}