{"id":5950,"date":"2020-05-01T23:58:55","date_gmt":"2020-05-01T23:58:55","guid":{"rendered":"https:\/\/oparanews.com.br\/?p=5950"},"modified":"2020-05-01T23:58:55","modified_gmt":"2020-05-01T23:58:55","slug":"vice-governador-de-alagoas-diz-que-deu-positivo-seu-teste-para-covid-19","status":"publish","type":"post","link":"https:\/\/www.oparanews.com.br\/index.php\/2020\/05\/01\/vice-governador-de-alagoas-diz-que-deu-positivo-seu-teste-para-covid-19\/","title":{"rendered":"Vice-governador de Alagoas diz que deu positivo seu teste para Covid-19"},"content":{"rendered":"<p>O vice-governador de Alagoas e secret\u00e1rio de Estado da Educa\u00e7\u00e3o, Luciano Barbosa, anunciou em seu perfil nas redes sociais, nesta sexta-feira (1), que deu positivo o teste que fez para Covid-19.<\/p>\n<p>&#8220;Recebi o resultado do exame que fiz para COVID-19. Deu positivo. Passarei a fazer a quarentena tomando os cuidados das recomenda\u00e7\u00f5es m\u00e9dicas. Por enquanto estou me sentindo bem. Continuarei no trabalho remoto. Isso tudo vai passar&#8221;, afirmou Barbosa.<\/p>\n<p>De acordo com o exame, postado pelo vice-governador, a coleta da amostra foi feita no dia 27 de mar\u00e7o.<\/p>\n<p>Al\u00e9m dele, o governador de Alagoas, Renan Filho, e outros secret\u00e1rios de estado tamb\u00e9m tiveram resultado positivo na \u00faltima semana.<\/p>\n<p>&nbsp;<\/p>\n<p><strong>Fonte: G1\/AL<\/strong><\/p>\n<p>&nbsp;<\/p>\n","protected":false},"excerpt":{"rendered":"<p>O vice-governador de Alagoas e secret\u00e1rio de Estado da Educa\u00e7\u00e3o, Luciano Barbosa, anunciou em seu perfil nas redes sociais, nesta sexta-feira (1), que deu positivo o teste que fez para Covid-19. &#8220;Recebi o resultado do exame que fiz para COVID-19. Deu positivo. Passarei a fazer a quarentena tomando os cuidados das recomenda\u00e7\u00f5es m\u00e9dicas. Por enquanto &hellip;<\/p>\n","protected":false},"author":1,"featured_media":5951,"comment_status":"open","ping_status":"open","sticky":false,"template":"","format":"standard","meta":{"_jetpack_newsletter_access":"","_jetpack_dont_email_post_to_subs":false,"_jetpack_newsletter_tier_id":0,"_jetpack_memberships_contains_paywalled_content":false,"_jetpack_memberships_contains_paid_content":false,"footnotes":""},"categories":[1],"tags":[],"class_list":["post-5950","post","type-post","status-publish","format-standard","has-post-thumbnail","hentry","category-destaque"],"jetpack_sharing_enabled":true,"jetpack_featured_media_url":"","_links":{"self":[{"href":"https:\/\/www.oparanews.com.br\/index.php\/wp-json\/wp\/v2\/posts\/5950","targetHints":{"allow":["GET"]}}],"collection":[{"href":"https:\/\/www.oparanews.com.br\/index.php\/wp-json\/wp\/v2\/posts"}],"about":[{"href":"https:\/\/www.oparanews.com.br\/index.php\/wp-json\/wp\/v2\/types\/post"}],"author":[{"embeddable":true,"href":"https:\/\/www.oparanews.com.br\/index.php\/wp-json\/wp\/v2\/users\/1"}],"replies":[{"embeddable":true,"href":"https:\/\/www.oparanews.com.br\/index.php\/wp-json\/wp\/v2\/comments?post=5950"}],"version-history":[{"count":0,"href":"https:\/\/www.oparanews.com.br\/index.php\/wp-json\/wp\/v2\/posts\/5950\/revisions"}],"wp:attachment":[{"href":"https:\/\/www.oparanews.com.br\/index.php\/wp-json\/wp\/v2\/media?parent=5950"}],"wp:term":[{"taxonomy":"category","embeddable":true,"href":"https:\/\/www.oparanews.com.br\/index.php\/wp-json\/wp\/v2\/categories?post=5950"},{"taxonomy":"post_tag","embeddable":true,"href":"https:\/\/www.oparanews.com.br\/index.php\/wp-json\/wp\/v2\/tags?post=5950"}],"curies":[{"name":"wp","href":"https:\/\/api.w.org\/{rel}","templated":true}]}}