{"id":5962,"date":"2020-05-02T00:29:35","date_gmt":"2020-05-02T00:29:35","guid":{"rendered":"https:\/\/oparanews.com.br\/?p=5962"},"modified":"2020-05-02T00:29:35","modified_gmt":"2020-05-02T00:29:35","slug":"rio-estuda-protocolo-para-escolher-quem-vai-ocupar-leitos","status":"publish","type":"post","link":"https:\/\/www.oparanews.com.br\/index.php\/2020\/05\/02\/rio-estuda-protocolo-para-escolher-quem-vai-ocupar-leitos\/","title":{"rendered":"Rio estuda protocolo para escolher quem vai ocupar leitos"},"content":{"rendered":"<p>A Secretaria Estadual de Sa\u00fade do Rio de Janeiro est\u00e1 analisando um protocolo que visa estabelecer quem receber\u00e1 um leito nos hospitais do estado, caso as unidades atinjam capacidade m\u00e1xima de atendimento. O aumento do n\u00famero de casos de covid-19 tem sobrecarregado os hospitais p\u00fablicos e, em especial, os leitos de terapia intensiva (UTI).<\/p>\n<p>O pr\u00f3prio secret\u00e1rio estadual de Sa\u00fade, Edmar Santos, acredita que, se o n\u00famero de infec\u00e7\u00f5es continuar crescendo, em breve n\u00e3o haver\u00e1 vagas para todos os pacientes.<\/p>\n<p>O protocolo est\u00e1 sendo preparado em parceria com o Conselho Regional de Medicina (Cremerj), a Academia Nacional de Cuidados Paliativos, Sociedade Brasileira de Geriatria e Gerontologia, da Sociedade de Terapia Intensiva e a Universidade Federal Fluminense, entre outras institui\u00e7\u00f5es.<\/p>\n<p>De acordo com a Secretaria de Sa\u00fade, est\u00e3o sendo consideradas pr\u00e1ticas utilizadas em pa\u00edses como Espanha e Estados Unidos. A ideia \u00e9 evitar o maior n\u00famero de mortes.<\/p>\n<p>&nbsp;<\/p>\n<p><strong>Fonte: Ag\u00eancia Brasil<\/strong><\/p>\n<p>&nbsp;<\/p>\n","protected":false},"excerpt":{"rendered":"<p>A Secretaria Estadual de Sa\u00fade do Rio de Janeiro est\u00e1 analisando um protocolo que visa estabelecer quem receber\u00e1 um leito nos hospitais do estado, caso as unidades atinjam capacidade m\u00e1xima de atendimento. O aumento do n\u00famero de casos de covid-19 tem sobrecarregado os hospitais p\u00fablicos e, em especial, os leitos de terapia intensiva (UTI). O &hellip;<\/p>\n","protected":false},"author":1,"featured_media":5963,"comment_status":"open","ping_status":"open","sticky":false,"template":"","format":"standard","meta":{"_jetpack_newsletter_access":"","_jetpack_dont_email_post_to_subs":false,"_jetpack_newsletter_tier_id":0,"_jetpack_memberships_contains_paywalled_content":false,"_jetpack_memberships_contains_paid_content":false,"footnotes":""},"categories":[1],"tags":[],"class_list":["post-5962","post","type-post","status-publish","format-standard","has-post-thumbnail","hentry","category-destaque"],"jetpack_sharing_enabled":true,"jetpack_featured_media_url":"","_links":{"self":[{"href":"https:\/\/www.oparanews.com.br\/index.php\/wp-json\/wp\/v2\/posts\/5962","targetHints":{"allow":["GET"]}}],"collection":[{"href":"https:\/\/www.oparanews.com.br\/index.php\/wp-json\/wp\/v2\/posts"}],"about":[{"href":"https:\/\/www.oparanews.com.br\/index.php\/wp-json\/wp\/v2\/types\/post"}],"author":[{"embeddable":true,"href":"https:\/\/www.oparanews.com.br\/index.php\/wp-json\/wp\/v2\/users\/1"}],"replies":[{"embeddable":true,"href":"https:\/\/www.oparanews.com.br\/index.php\/wp-json\/wp\/v2\/comments?post=5962"}],"version-history":[{"count":0,"href":"https:\/\/www.oparanews.com.br\/index.php\/wp-json\/wp\/v2\/posts\/5962\/revisions"}],"wp:attachment":[{"href":"https:\/\/www.oparanews.com.br\/index.php\/wp-json\/wp\/v2\/media?parent=5962"}],"wp:term":[{"taxonomy":"category","embeddable":true,"href":"https:\/\/www.oparanews.com.br\/index.php\/wp-json\/wp\/v2\/categories?post=5962"},{"taxonomy":"post_tag","embeddable":true,"href":"https:\/\/www.oparanews.com.br\/index.php\/wp-json\/wp\/v2\/tags?post=5962"}],"curies":[{"name":"wp","href":"https:\/\/api.w.org\/{rel}","templated":true}]}}