{"id":5965,"date":"2020-05-02T00:36:01","date_gmt":"2020-05-02T00:36:01","guid":{"rendered":"https:\/\/oparanews.com.br\/?p=5965"},"modified":"2020-05-02T00:36:01","modified_gmt":"2020-05-02T00:36:01","slug":"tuca-andrada-provoca-regina-duarte-e-cutuca-a-record","status":"publish","type":"post","link":"https:\/\/www.oparanews.com.br\/index.php\/2020\/05\/02\/tuca-andrada-provoca-regina-duarte-e-cutuca-a-record\/","title":{"rendered":"Tuca Andrada provoca Regina Duarte e cutuca a Record"},"content":{"rendered":"<p>Tuca Andrada foi um dos milhares de leitores das reportagens sobre Regina Duarte e sua dificuldade dentro do governo do presidente Jair Bolsonaro (sem partido) como secret\u00e1ria especial da Cultura. Atacada diariamente pelo n\u00facleo bolsonarista, a atriz foi alvo do contratado da Globo no Instagram na \u00faltima quarta-feira (29).<\/p>\n<p>Al\u00e9m da famosa, o integrante do elenco da novela Amor de M\u00e3e cutucou a Record, respons\u00e1vel por mat\u00e9rias favor\u00e1veis ao governo federal. No post, o gal\u00e3 compartilhou uma imagem de Regina com a cabe\u00e7a baixa e com uma das m\u00e3os no rosto. \u201cVou ter que fazer novela b\u00edblica\u201d, dizia o texto.<\/p>\n<p>Internautas n\u00e3o perderam o fio e alfinetaram a veterana. \u201cOu As Aventuras de Poliana\u201d, considerou outro. \u201cVai fazer o papel de cabra do pastor figurante\u201d, atacou outro. \u201cOu ponta de diretora em novela infantil\u201d, recomendou um terceiro. \u201cMaria Porcina Madalena\u201d, ironizou mais uma.<\/p>\n<p>A declara\u00e7\u00e3o pol\u00eamica de Tuca Andrada veio \u00e0 tona em meio aos rumores de que Regina Duarte deixar\u00e1 o cargo. Sem apoio e criticada por olavistas, fan\u00e1ticos apoiadores do escritor Olavo de Carvalho, o guru do bolsonarismo, a ex-global perdeu for\u00e7a dentro do Pal\u00e1cio do Planalto.<\/p>\n<p>Mesmo acuada, a m\u00e3e de Gabriela Duarte avisou, via assessoria de imprensa, que n\u00e3o sair\u00e1 do comando da Secretaria de Cultura por sua conta. Em outras palavras, sua gaveta s\u00f3 ser\u00e1 esvaziada se for o desejo de Bolsonaro.<\/p>\n<p>&nbsp;<\/p>\n<p><strong>Fonte: RD1<\/strong><\/p>\n<p>&nbsp;<\/p>\n","protected":false},"excerpt":{"rendered":"<p>Tuca Andrada foi um dos milhares de leitores das reportagens sobre Regina Duarte e sua dificuldade dentro do governo do presidente Jair Bolsonaro (sem partido) como secret\u00e1ria especial da Cultura. Atacada diariamente pelo n\u00facleo bolsonarista, a atriz foi alvo do contratado da Globo no Instagram na \u00faltima quarta-feira (29). Al\u00e9m da famosa, o integrante do &hellip;<\/p>\n","protected":false},"author":1,"featured_media":5966,"comment_status":"open","ping_status":"open","sticky":false,"template":"","format":"standard","meta":{"_jetpack_newsletter_access":"","_jetpack_dont_email_post_to_subs":false,"_jetpack_newsletter_tier_id":0,"_jetpack_memberships_contains_paywalled_content":false,"_jetpack_memberships_contains_paid_content":false,"footnotes":""},"categories":[1],"tags":[],"class_list":["post-5965","post","type-post","status-publish","format-standard","has-post-thumbnail","hentry","category-destaque"],"jetpack_sharing_enabled":true,"jetpack_featured_media_url":"","_links":{"self":[{"href":"https:\/\/www.oparanews.com.br\/index.php\/wp-json\/wp\/v2\/posts\/5965","targetHints":{"allow":["GET"]}}],"collection":[{"href":"https:\/\/www.oparanews.com.br\/index.php\/wp-json\/wp\/v2\/posts"}],"about":[{"href":"https:\/\/www.oparanews.com.br\/index.php\/wp-json\/wp\/v2\/types\/post"}],"author":[{"embeddable":true,"href":"https:\/\/www.oparanews.com.br\/index.php\/wp-json\/wp\/v2\/users\/1"}],"replies":[{"embeddable":true,"href":"https:\/\/www.oparanews.com.br\/index.php\/wp-json\/wp\/v2\/comments?post=5965"}],"version-history":[{"count":0,"href":"https:\/\/www.oparanews.com.br\/index.php\/wp-json\/wp\/v2\/posts\/5965\/revisions"}],"wp:attachment":[{"href":"https:\/\/www.oparanews.com.br\/index.php\/wp-json\/wp\/v2\/media?parent=5965"}],"wp:term":[{"taxonomy":"category","embeddable":true,"href":"https:\/\/www.oparanews.com.br\/index.php\/wp-json\/wp\/v2\/categories?post=5965"},{"taxonomy":"post_tag","embeddable":true,"href":"https:\/\/www.oparanews.com.br\/index.php\/wp-json\/wp\/v2\/tags?post=5965"}],"curies":[{"name":"wp","href":"https:\/\/api.w.org\/{rel}","templated":true}]}}