{"id":5968,"date":"2020-05-02T00:40:14","date_gmt":"2020-05-02T00:40:14","guid":{"rendered":"https:\/\/oparanews.com.br\/?p=5968"},"modified":"2020-05-02T00:40:14","modified_gmt":"2020-05-02T00:40:14","slug":"globo-define-medidas-de-seguranca-para-o-retorno-das-gravacoes","status":"publish","type":"post","link":"https:\/\/www.oparanews.com.br\/index.php\/2020\/05\/02\/globo-define-medidas-de-seguranca-para-o-retorno-das-gravacoes\/","title":{"rendered":"Globo define medidas de seguran\u00e7a para o retorno das grava\u00e7\u00f5es"},"content":{"rendered":"<p>A Globo aprovou um protocolo espec\u00edfico de seguran\u00e7a para o retorno das atividades dentro dos seus est\u00fadios. O canal carioca anunciou em comunicado a prioridade das pr\u00f3ximas semanas: \u201cviabilizar o como gravar ainda sem uma defini\u00e7\u00e3o sobre o quando gravar\u201d.<\/p>\n<p>Desde mar\u00e7o, quando a OMS (Organiza\u00e7\u00e3o Mundia de Sa\u00fade) anunciou que o mundo enfrentava uma pandemia, a emissora anunciou a suspens\u00e3o por tempo indeterminado das grava\u00e7\u00f5es de programas, s\u00e9ries e novelas, como Amor de M\u00e3e, Salve-se Quem Puder e Nos Tempos do Imperador.<\/p>\n<p>\u201cNeste momento, a prioridade da Globo \u00e9 viabilizar o \u2018como gravar\u2019 ainda sem uma defini\u00e7\u00e3o sobre o \u2018quando gravar\u2019, alinhada \u00e0 preocupa\u00e7\u00e3o permanente com a seguran\u00e7a dos talentos e das equipes\u201d, explicou Ricardo Waddington, diretor de Produ\u00e7\u00e3o do plim plim.<\/p>\n<p>A Globo informou que seus criadores de conte\u00fado foram \u201cconvocados a repensar a forma de escrever e de realizar para lidar com diferentes limita\u00e7\u00f5es, que v\u00e3o impactar tanto a narrativa quanto os recursos de produ\u00e7\u00e3o\u201d. Os cuidados a partir de agora \u201cvalem para todas as etapas de produ\u00e7\u00e3o, da pr\u00e9-produ\u00e7\u00e3o \u00e0 atua\u00e7\u00e3o nos sets de grava\u00e7\u00e3o\u201d. As informa\u00e7\u00f5es s\u00e3o do site Extra.<\/p>\n<p>Confira o comunicado na \u00edntegra:<\/p>\n<p>\u201cMesmo sem uma data definida ainda para o rein\u00edcio das grava\u00e7\u00f5es, a Globo se adiantou e desenhou um Protocolo de Seguran\u00e7a para a retomada das atividades nos Est\u00fadios Globo. Ele foi criado atrav\u00e9s da avalia\u00e7\u00e3o de protocolos globais, reunindo as nossas pr\u00e1ticas \u00e0s da ind\u00fastria do audiovisual de v\u00e1rios pa\u00edses.<\/p>\n<p>Nossos criadores foram convocados a repensar a forma de escrever e de realizar para lidar com diferentes limita\u00e7\u00f5es, que v\u00e3o impactar tanto a narrativa quanto os recursos de produ\u00e7\u00e3o. As recomenda\u00e7\u00f5es de cuidados valem para todas as etapas de produ\u00e7\u00e3o, da pr\u00e9-produ\u00e7\u00e3o \u00e0 atua\u00e7\u00e3o nos sets de grava\u00e7\u00e3o, incluindo log\u00edsticas de transporte, alimenta\u00e7\u00e3o e regras para fornecedores, entre outras.<\/p>\n<p>Depois de conhecer as pr\u00e1ticas adotadas no protocolo desenhado pela Globo, autores e diretores v\u00e3o se reunir para avaliar a melhor solu\u00e7\u00e3o para cada obra. As novas orienta\u00e7\u00f5es tamb\u00e9m est\u00e3o sendo apresentadas ao elenco.<\/p>\n<p>\u2018Neste momento, a prioridade da Globo \u00e9 viabilizar o \u2018como gravar\u2019 ainda sem uma defini\u00e7\u00e3o sobre o \u2018quando gravar\u2019, alinhada \u00e0 preocupa\u00e7\u00e3o permanente com a seguran\u00e7a dos talentos e das equipes\u201d, conclui Ricardo Waddington, diretor de Produ\u00e7\u00e3o dos Est\u00fadios Globo.\u201d<\/p>\n<p>&nbsp;<\/p>\n<p><strong>Fonte: RD1<\/strong><\/p>\n<p>&nbsp;<\/p>\n","protected":false},"excerpt":{"rendered":"<p>A Globo aprovou um protocolo espec\u00edfico de seguran\u00e7a para o retorno das atividades dentro dos seus est\u00fadios. O canal carioca anunciou em comunicado a prioridade das pr\u00f3ximas semanas: \u201cviabilizar o como gravar ainda sem uma defini\u00e7\u00e3o sobre o quando gravar\u201d. Desde mar\u00e7o, quando a OMS (Organiza\u00e7\u00e3o Mundia de Sa\u00fade) anunciou que o mundo enfrentava uma &hellip;<\/p>\n","protected":false},"author":1,"featured_media":5969,"comment_status":"open","ping_status":"open","sticky":false,"template":"","format":"standard","meta":{"_jetpack_newsletter_access":"","_jetpack_dont_email_post_to_subs":false,"_jetpack_newsletter_tier_id":0,"_jetpack_memberships_contains_paywalled_content":false,"_jetpack_memberships_contains_paid_content":false,"footnotes":""},"categories":[1],"tags":[],"class_list":["post-5968","post","type-post","status-publish","format-standard","has-post-thumbnail","hentry","category-destaque"],"jetpack_sharing_enabled":true,"jetpack_featured_media_url":"","_links":{"self":[{"href":"https:\/\/www.oparanews.com.br\/index.php\/wp-json\/wp\/v2\/posts\/5968","targetHints":{"allow":["GET"]}}],"collection":[{"href":"https:\/\/www.oparanews.com.br\/index.php\/wp-json\/wp\/v2\/posts"}],"about":[{"href":"https:\/\/www.oparanews.com.br\/index.php\/wp-json\/wp\/v2\/types\/post"}],"author":[{"embeddable":true,"href":"https:\/\/www.oparanews.com.br\/index.php\/wp-json\/wp\/v2\/users\/1"}],"replies":[{"embeddable":true,"href":"https:\/\/www.oparanews.com.br\/index.php\/wp-json\/wp\/v2\/comments?post=5968"}],"version-history":[{"count":0,"href":"https:\/\/www.oparanews.com.br\/index.php\/wp-json\/wp\/v2\/posts\/5968\/revisions"}],"wp:attachment":[{"href":"https:\/\/www.oparanews.com.br\/index.php\/wp-json\/wp\/v2\/media?parent=5968"}],"wp:term":[{"taxonomy":"category","embeddable":true,"href":"https:\/\/www.oparanews.com.br\/index.php\/wp-json\/wp\/v2\/categories?post=5968"},{"taxonomy":"post_tag","embeddable":true,"href":"https:\/\/www.oparanews.com.br\/index.php\/wp-json\/wp\/v2\/tags?post=5968"}],"curies":[{"name":"wp","href":"https:\/\/api.w.org\/{rel}","templated":true}]}}