{"id":5977,"date":"2020-05-02T01:08:54","date_gmt":"2020-05-02T01:08:54","guid":{"rendered":"https:\/\/oparanews.com.br\/?p=5977"},"modified":"2020-05-02T01:08:54","modified_gmt":"2020-05-02T01:08:54","slug":"internacional-anuncia-retorno-a-treinamentos-com-testes-de-coronavirus","status":"publish","type":"post","link":"https:\/\/www.oparanews.com.br\/index.php\/2020\/05\/02\/internacional-anuncia-retorno-a-treinamentos-com-testes-de-coronavirus\/","title":{"rendered":"Internacional anuncia retorno a treinamentos com &#8220;testes de coronav\u00edrus&#8221;"},"content":{"rendered":"<p>O Internacional anunciou hoje que voltar\u00e1 aos treinos a partir de ter\u00e7a-feira (5). O departamento de futebol do clube retornar\u00e1 \u00e0s atividades na segunda (4) ao trabalho ap\u00f3s per\u00edodo de paralisa\u00e7\u00e3o por causa da pandemia do novo coronav\u00edrus. A medida se baseia em decreto publicado pela prefeitura de Porto Alegre na quinta-feira. A confirma\u00e7\u00e3o do retorno \u00e0s atividades foi feita em uma nota oficial do clube, publicada no site.<\/p>\n<p>No comunicado, o Inter diz que &#8220;os funcion\u00e1rios ser\u00e3o avaliados diariamente e passar\u00e3o por testes de Covid-19&#8221;. &#8220;Os profissionais ser\u00e3o avaliados diariamente e passar\u00e3o por testes para a Covid-19. O grupo de jogadores ser\u00e1 dividido em hor\u00e1rios para a realiza\u00e7\u00e3o das atividades, cumprindo todas as recomenda\u00e7\u00f5es das institui\u00e7\u00f5es de sa\u00fade e governamentais&#8221;, disse o Inter. A diretoria do Internacional aguarda, tamb\u00e9m para a pr\u00f3xima semana, novidades em rela\u00e7\u00e3o ao retorno do Campeonato Ga\u00facho. Uma reuni\u00e3o entre FGF (Federa\u00e7\u00e3o Ga\u00facha de Futebol) e o governo do estado vai avaliar a retomada do Gauch\u00e3o com jogos disputados sem torcida.<\/p>\n<p>Confira a nota na \u00edntegra: Em acordo com o decreto publicado pela Prefeitura Municipal de Porto Alegre, o Sport Club Internacional comunica que retomar\u00e1 as atividades do Departamento de Futebol Profissional a partir da pr\u00f3xima segunda-feira (4), com a reapresenta\u00e7\u00e3o da comiss\u00e3o t\u00e9cnica e grupo de apoio. O retorno dos atletas ser\u00e1 na ter\u00e7a-feira (5), \u00e0s 9 horas.<\/p>\n<p>Os profissionais ser\u00e3o avaliados diariamente e passar\u00e3o por testes para a Covid-19. O grupo de jogadores ser\u00e1 dividido em hor\u00e1rios para a realiza\u00e7\u00e3o das atividades, cumprindo todas as recomenda\u00e7\u00f5es das institui\u00e7\u00f5es de sa\u00fade e governamentais. O Clube seguir\u00e1 atento aos futuros decretos e orienta\u00e7\u00f5es das autoridades para adotar novas medidas, caso necess\u00e1rias, em seus protocolos.<\/p>\n<p>O acesso ao CT Parque Gigante ser\u00e1 controlado e restrito, reduzindo ao m\u00e1ximo o fluxo de pessoas. As atividades ser\u00e3o fechadas para a imprensa e p\u00fablico em geral.<\/p>\n<p>&nbsp;<\/p>\n<p><strong>Fonte: Terra<\/strong><\/p>\n<p>&nbsp;<\/p>\n","protected":false},"excerpt":{"rendered":"<p>O Internacional anunciou hoje que voltar\u00e1 aos treinos a partir de ter\u00e7a-feira (5). O departamento de futebol do clube retornar\u00e1 \u00e0s atividades na segunda (4) ao trabalho ap\u00f3s per\u00edodo de paralisa\u00e7\u00e3o por causa da pandemia do novo coronav\u00edrus. A medida se baseia em decreto publicado pela prefeitura de Porto Alegre na quinta-feira. A confirma\u00e7\u00e3o do &hellip;<\/p>\n","protected":false},"author":1,"featured_media":5978,"comment_status":"open","ping_status":"open","sticky":false,"template":"","format":"standard","meta":{"_jetpack_newsletter_access":"","_jetpack_dont_email_post_to_subs":false,"_jetpack_newsletter_tier_id":0,"_jetpack_memberships_contains_paywalled_content":false,"_jetpack_memberships_contains_paid_content":false,"footnotes":""},"categories":[1],"tags":[],"class_list":["post-5977","post","type-post","status-publish","format-standard","has-post-thumbnail","hentry","category-destaque"],"jetpack_sharing_enabled":true,"jetpack_featured_media_url":"","_links":{"self":[{"href":"https:\/\/www.oparanews.com.br\/index.php\/wp-json\/wp\/v2\/posts\/5977","targetHints":{"allow":["GET"]}}],"collection":[{"href":"https:\/\/www.oparanews.com.br\/index.php\/wp-json\/wp\/v2\/posts"}],"about":[{"href":"https:\/\/www.oparanews.com.br\/index.php\/wp-json\/wp\/v2\/types\/post"}],"author":[{"embeddable":true,"href":"https:\/\/www.oparanews.com.br\/index.php\/wp-json\/wp\/v2\/users\/1"}],"replies":[{"embeddable":true,"href":"https:\/\/www.oparanews.com.br\/index.php\/wp-json\/wp\/v2\/comments?post=5977"}],"version-history":[{"count":0,"href":"https:\/\/www.oparanews.com.br\/index.php\/wp-json\/wp\/v2\/posts\/5977\/revisions"}],"wp:attachment":[{"href":"https:\/\/www.oparanews.com.br\/index.php\/wp-json\/wp\/v2\/media?parent=5977"}],"wp:term":[{"taxonomy":"category","embeddable":true,"href":"https:\/\/www.oparanews.com.br\/index.php\/wp-json\/wp\/v2\/categories?post=5977"},{"taxonomy":"post_tag","embeddable":true,"href":"https:\/\/www.oparanews.com.br\/index.php\/wp-json\/wp\/v2\/tags?post=5977"}],"curies":[{"name":"wp","href":"https:\/\/api.w.org\/{rel}","templated":true}]}}