{"id":5987,"date":"2020-05-02T21:07:52","date_gmt":"2020-05-02T21:07:52","guid":{"rendered":"https:\/\/oparanews.com.br\/?p=5987"},"modified":"2020-05-02T21:07:52","modified_gmt":"2020-05-02T21:07:52","slug":"mpf-ajuiza-acao-para-evitar-aglomeracoes-em-agencias-da-caixa","status":"publish","type":"post","link":"https:\/\/www.oparanews.com.br\/index.php\/2020\/05\/02\/mpf-ajuiza-acao-para-evitar-aglomeracoes-em-agencias-da-caixa\/","title":{"rendered":"MPF aju\u00edza a\u00e7\u00e3o para evitar aglomera\u00e7\u00f5es em ag\u00eancias da Caixa"},"content":{"rendered":"<p>O Minist\u00e9rio P\u00fablico Federal (MPF) em Alagoas ajuizou a\u00e7\u00e3o civil p\u00fablica, com pedido de liminar, contra a Caixa Econ\u00f4mica Federal e Uni\u00e3o para que tomem provid\u00eancias para evitar aglomera\u00e7\u00f5es de pessoas nas ag\u00eancias banc\u00e1rias e lot\u00e9ricas. O objetivo \u00e9 evitar riscos \u00e0 sa\u00fade p\u00fablica decorrente da pandemia do novo coronav\u00edrus.<\/p>\n<p>A a\u00e7\u00e3o foi motivada ap\u00f3s o registro de aglomera\u00e7\u00f5es nas ag\u00eancias devido ao aux\u00edlio emergencial de R$ 600,0 do Governo Federal.<\/p>\n<p>\u00c0 reportagem do G1 a Caixa disse que ainda n\u00e3o foi notificada da decis\u00e3o.<\/p>\n<p>Na a\u00e7\u00e3o, o MPF reconhece que a Caixa disponibilizou canais digitais, mas que uma parcela da popula\u00e7\u00e3o n\u00e3o possui acesso aos meios, gerando aglomera\u00e7\u00f5es nas ag\u00eancias, mesmo em meio \u00e0 pandemia do coronav\u00edrus.<\/p>\n<p>Com isso, o MPF requer a jun\u00e7\u00e3o de esfor\u00e7os da For\u00e7a de Seguran\u00e7a Nacional, do Ex\u00e9rcito Brasileiro e da Caixa, para que, em coopera\u00e7\u00e3o com as autoridades locais, controlem o movimento de pessoas, evitando situa\u00e7\u00f5es de aglomera\u00e7\u00f5es nas ag\u00eancias banc\u00e1rias e nas lot\u00e9ricas de Alagoas.<\/p>\n<p>Para os procuradores do grupo de trabalho, a responsabilidade da Uni\u00e3o para a organiza\u00e7\u00e3o de filas durante pandemia \u00e9 imprescind\u00edvel na implementa\u00e7\u00e3o das pol\u00edticas p\u00fablicas, como o Bolsa Fam\u00edlia e o Aux\u00edlio Emergencial.<\/p>\n<p>Para a procuradora da Rep\u00fablica Roberta Bomfim, coordenadora do grupo, \u201cn\u00e3o se pode admitir que a busca pela solu\u00e7\u00e3o para o enfrentamento da crise econ\u00f4mica que decorre da pandemia, seja fomentadora e potencializadora na transmiss\u00e3o da doen\u00e7a\u201d.<\/p>\n<p>Para reunir elementos acerca da situa\u00e7\u00e3o vivenciada nos diversos munic\u00edpios alagoanos, o MPF contou com a parceria do Minist\u00e9rio P\u00fablico Estadual. A a\u00e7\u00e3o tramita no Ju\u00edzo da 4\u00aa Federal de Alagoas.<\/p>\n<p>A a\u00e7\u00e3o pede que a Caixa limite o n\u00famero de pessoas nos locais de espera; organize filas para atendimento com dist\u00e2ncia m\u00ednima recomendada entre as pessoas, promovendo a sinaliza\u00e7\u00e3o no piso; distribua senhas com hora marcada para atendimento e crie mecanismos de agendamento; tome provid\u00eancias quanto \u00e0 higieniza\u00e7\u00e3o dos ambientes, funcion\u00e1rios e clientes.<\/p>\n<p>Mantenha ainda o hor\u00e1rio normal de funcionamento das ag\u00eancias banc\u00e1rias e garantir a manuten\u00e7\u00e3o dos terminais de autoatendimento, devendo abrir tamb\u00e9m aos s\u00e1bados, enquanto durar a demanda provocada pelo calend\u00e1rio de repasses do aux\u00edlio emergencial do Governo Federal.<\/p>\n<p>Al\u00e9m disso, a Caixa Econ\u00f4mica deve divulgar campanha de conscientiza\u00e7\u00e3o, nas m\u00eddias radiof\u00f4nicas e televisivas, a fim de desestimular a ida das pessoas \u00e0s ag\u00eancias &#8211; principalmente em cidades de interior-, podendo fazer uso de meios alternativos, como carro de som; e contratar equipe terceirizada para auxiliar o atendimento presencial.<\/p>\n<p>O MPF tamb\u00e9m requer que se determine \u00e0 Uni\u00e3o, por meio do Ex\u00e9rcito Brasileiro e da For\u00e7a Nacional de Seguran\u00e7a P\u00fablica, a coopera\u00e7\u00e3o com a Caixa, apresentando plano de a\u00e7\u00e3o para que as filas no exterior das ag\u00eancias e das lot\u00e9ricas possam ser organizadas. Pede tamb\u00e9m, que colabore com o poder p\u00fablico estadual e municipal, em especial com a seguran\u00e7a p\u00fablica, para que possam ser organizados esquemas de atendimento em que se preserve a dignidade humana, sem preju\u00edzo da seguran\u00e7a e dos cuidados sanit\u00e1rios que o momento nacional requer.<\/p>\n<p>&nbsp;<\/p>\n<p><strong>Fonte: G1\/AL<\/strong><\/p>\n<p>&nbsp;<\/p>\n","protected":false},"excerpt":{"rendered":"<p>O Minist\u00e9rio P\u00fablico Federal (MPF) em Alagoas ajuizou a\u00e7\u00e3o civil p\u00fablica, com pedido de liminar, contra a Caixa Econ\u00f4mica Federal e Uni\u00e3o para que tomem provid\u00eancias para evitar aglomera\u00e7\u00f5es de pessoas nas ag\u00eancias banc\u00e1rias e lot\u00e9ricas. O objetivo \u00e9 evitar riscos \u00e0 sa\u00fade p\u00fablica decorrente da pandemia do novo coronav\u00edrus. A a\u00e7\u00e3o foi motivada ap\u00f3s &hellip;<\/p>\n","protected":false},"author":1,"featured_media":5988,"comment_status":"open","ping_status":"open","sticky":false,"template":"","format":"standard","meta":{"_jetpack_newsletter_access":"","_jetpack_dont_email_post_to_subs":false,"_jetpack_newsletter_tier_id":0,"_jetpack_memberships_contains_paywalled_content":false,"_jetpack_memberships_contains_paid_content":false,"footnotes":""},"categories":[1],"tags":[],"class_list":["post-5987","post","type-post","status-publish","format-standard","has-post-thumbnail","hentry","category-destaque"],"jetpack_sharing_enabled":true,"jetpack_featured_media_url":"","_links":{"self":[{"href":"https:\/\/www.oparanews.com.br\/index.php\/wp-json\/wp\/v2\/posts\/5987","targetHints":{"allow":["GET"]}}],"collection":[{"href":"https:\/\/www.oparanews.com.br\/index.php\/wp-json\/wp\/v2\/posts"}],"about":[{"href":"https:\/\/www.oparanews.com.br\/index.php\/wp-json\/wp\/v2\/types\/post"}],"author":[{"embeddable":true,"href":"https:\/\/www.oparanews.com.br\/index.php\/wp-json\/wp\/v2\/users\/1"}],"replies":[{"embeddable":true,"href":"https:\/\/www.oparanews.com.br\/index.php\/wp-json\/wp\/v2\/comments?post=5987"}],"version-history":[{"count":0,"href":"https:\/\/www.oparanews.com.br\/index.php\/wp-json\/wp\/v2\/posts\/5987\/revisions"}],"wp:attachment":[{"href":"https:\/\/www.oparanews.com.br\/index.php\/wp-json\/wp\/v2\/media?parent=5987"}],"wp:term":[{"taxonomy":"category","embeddable":true,"href":"https:\/\/www.oparanews.com.br\/index.php\/wp-json\/wp\/v2\/categories?post=5987"},{"taxonomy":"post_tag","embeddable":true,"href":"https:\/\/www.oparanews.com.br\/index.php\/wp-json\/wp\/v2\/tags?post=5987"}],"curies":[{"name":"wp","href":"https:\/\/api.w.org\/{rel}","templated":true}]}}