{"id":6012,"date":"2020-05-03T23:50:12","date_gmt":"2020-05-03T23:50:12","guid":{"rendered":"https:\/\/oparanews.com.br\/?p=6012"},"modified":"2020-05-03T23:50:12","modified_gmt":"2020-05-03T23:50:12","slug":"teich-anuncia-contratacao-de-267-profissionais-no-amazonas","status":"publish","type":"post","link":"https:\/\/www.oparanews.com.br\/index.php\/2020\/05\/03\/teich-anuncia-contratacao-de-267-profissionais-no-amazonas\/","title":{"rendered":"Teich anuncia contrata\u00e7\u00e3o de 267 profissionais no Amazonas"},"content":{"rendered":"<p>O ministro da Sa\u00fade, Nelson Teich, anunciou hoje (3) que foram contratados 267 profissionais para combater a covid-19 no Amazonas. Mais cedo, Teich e o secret\u00e1rio-executivo, Eduardo Pazuello, embarcaram para Manaus, onde se re\u00fanem ainda hoje com o governador do estado, Wilson Lima e com o prefeito Arthur Virg\u00edlio.<\/p>\n<p>Pelo Twitter, o ministro informou que o Amazonas receber\u00e1 o refor\u00e7o de 37 m\u00e9dicos, 118 enfermeiros, 57 t\u00e9cnicos de enfermagem, 26 fisioterapeutas e 17 biom\u00e9dicos.<\/p>\n<p>Segundo boletim divulgado ontem (2) pela Funda\u00e7\u00e3o de Vigil\u00e2ncia em Sa\u00fade (FVS-AM), o Amazonas registrou mais 339 casos da doen\u00e7a, totalizando 6.062 casos confirmados do novo coronav\u00edrus no estado. O n\u00famero de mortes subiu para 501. Dos 6.062 casos confirmados no Amazonas, 3.658 s\u00e3o de Manaus (60,3%) e 2.404 do interior do estado (39,6%). Est\u00e3o em investiga\u00e7\u00e3o 64 \u00f3bitos e 31 foram descartados para o novo coronav\u00edrus.<\/p>\n<p>Ontem, dois avi\u00f5es da For\u00e7a A\u00e9rea Brasileira (FAB) levaram \u00e0 capital amazonense uma grande quantidade de equipamentos de prote\u00e7\u00e3o individual e outros materiais de sa\u00fade para serem distribu\u00eddos para a rede hospitalar do estado.<\/p>\n<p>&nbsp;<\/p>\n<p><strong>Fonte: Ag\u00eancia Brasil<br \/>\n<\/strong><\/p>\n<p>&nbsp;<\/p>\n","protected":false},"excerpt":{"rendered":"<p>O ministro da Sa\u00fade, Nelson Teich, anunciou hoje (3) que foram contratados 267 profissionais para combater a covid-19 no Amazonas. Mais cedo, Teich e o secret\u00e1rio-executivo, Eduardo Pazuello, embarcaram para Manaus, onde se re\u00fanem ainda hoje com o governador do estado, Wilson Lima e com o prefeito Arthur Virg\u00edlio. Pelo Twitter, o ministro informou que &hellip;<\/p>\n","protected":false},"author":1,"featured_media":6013,"comment_status":"open","ping_status":"open","sticky":false,"template":"","format":"standard","meta":{"_jetpack_newsletter_access":"","_jetpack_dont_email_post_to_subs":false,"_jetpack_newsletter_tier_id":0,"_jetpack_memberships_contains_paywalled_content":false,"_jetpack_memberships_contains_paid_content":false,"footnotes":""},"categories":[1],"tags":[],"class_list":["post-6012","post","type-post","status-publish","format-standard","has-post-thumbnail","hentry","category-destaque"],"jetpack_sharing_enabled":true,"jetpack_featured_media_url":"","_links":{"self":[{"href":"https:\/\/www.oparanews.com.br\/index.php\/wp-json\/wp\/v2\/posts\/6012","targetHints":{"allow":["GET"]}}],"collection":[{"href":"https:\/\/www.oparanews.com.br\/index.php\/wp-json\/wp\/v2\/posts"}],"about":[{"href":"https:\/\/www.oparanews.com.br\/index.php\/wp-json\/wp\/v2\/types\/post"}],"author":[{"embeddable":true,"href":"https:\/\/www.oparanews.com.br\/index.php\/wp-json\/wp\/v2\/users\/1"}],"replies":[{"embeddable":true,"href":"https:\/\/www.oparanews.com.br\/index.php\/wp-json\/wp\/v2\/comments?post=6012"}],"version-history":[{"count":0,"href":"https:\/\/www.oparanews.com.br\/index.php\/wp-json\/wp\/v2\/posts\/6012\/revisions"}],"wp:attachment":[{"href":"https:\/\/www.oparanews.com.br\/index.php\/wp-json\/wp\/v2\/media?parent=6012"}],"wp:term":[{"taxonomy":"category","embeddable":true,"href":"https:\/\/www.oparanews.com.br\/index.php\/wp-json\/wp\/v2\/categories?post=6012"},{"taxonomy":"post_tag","embeddable":true,"href":"https:\/\/www.oparanews.com.br\/index.php\/wp-json\/wp\/v2\/tags?post=6012"}],"curies":[{"name":"wp","href":"https:\/\/api.w.org\/{rel}","templated":true}]}}