{"id":6015,"date":"2020-05-04T00:03:26","date_gmt":"2020-05-04T00:03:26","guid":{"rendered":"https:\/\/oparanews.com.br\/?p=6015"},"modified":"2020-05-04T00:03:26","modified_gmt":"2020-05-04T00:03:26","slug":"francisco-convoca-dia-de-oracao-pelo-fim-do-coronavirus","status":"publish","type":"post","link":"https:\/\/www.oparanews.com.br\/index.php\/2020\/05\/04\/francisco-convoca-dia-de-oracao-pelo-fim-do-coronavirus\/","title":{"rendered":"Francisco convoca dia de ora\u00e7\u00e3o pelo fim do coronav\u00edrus"},"content":{"rendered":"<p>O papa Francisco pediu aos fi\u00e9is cat\u00f3licos e crentes de diferentes religi\u00f5es que se unam no dia 14 de maio &#8220;em um dia de ora\u00e7\u00e3o e jejum e obras de caridade&#8221;, para implorar a Deus pelo fim da pandemia de coronav\u00edrus (Covid-19).<\/p>\n<p>Em suas palavras ap\u00f3s a ora\u00e7\u00e3o do Regina Coeli, o pont\u00edfice enfatizou que &#8220;como a ora\u00e7\u00e3o \u00e9 um valor universal, acolhi a proposta do Alto Comit\u00ea para a Fraternidade Humana, para que no pr\u00f3ximo 14 de maio os crentes de todas as religi\u00f5es se unam espiritualmente&#8221;.<\/p>\n<p>De acordo com Francisco, ser\u00e1 &#8220;um dia de ora\u00e7\u00e3o e jejum e obras de caridade, para implorar a Deus que ajude a humanidade a superar a pandemia de coronav\u00edrus&#8221;.<\/p>\n<p>&#8220;Recordem-se, 14 de maio, todos os crentes unidos, crentes de diversas tradi\u00e7\u00f5es, para rezar, jejuar e praticar obras de caridade&#8221;, afirmou.<\/p>\n<p>&nbsp;<\/p>\n<p><strong>Fonte: com ACI Digital<\/strong><\/p>\n<p>&nbsp;<\/p>\n","protected":false},"excerpt":{"rendered":"<p>O papa Francisco pediu aos fi\u00e9is cat\u00f3licos e crentes de diferentes religi\u00f5es que se unam no dia 14 de maio &#8220;em um dia de ora\u00e7\u00e3o e jejum e obras de caridade&#8221;, para implorar a Deus pelo fim da pandemia de coronav\u00edrus (Covid-19). Em suas palavras ap\u00f3s a ora\u00e7\u00e3o do Regina Coeli, o pont\u00edfice enfatizou que &hellip;<\/p>\n","protected":false},"author":1,"featured_media":6016,"comment_status":"open","ping_status":"open","sticky":false,"template":"","format":"standard","meta":{"_jetpack_newsletter_access":"","_jetpack_dont_email_post_to_subs":false,"_jetpack_newsletter_tier_id":0,"_jetpack_memberships_contains_paywalled_content":false,"_jetpack_memberships_contains_paid_content":false,"footnotes":""},"categories":[1],"tags":[],"class_list":["post-6015","post","type-post","status-publish","format-standard","has-post-thumbnail","hentry","category-destaque"],"jetpack_sharing_enabled":true,"jetpack_featured_media_url":"","_links":{"self":[{"href":"https:\/\/www.oparanews.com.br\/index.php\/wp-json\/wp\/v2\/posts\/6015","targetHints":{"allow":["GET"]}}],"collection":[{"href":"https:\/\/www.oparanews.com.br\/index.php\/wp-json\/wp\/v2\/posts"}],"about":[{"href":"https:\/\/www.oparanews.com.br\/index.php\/wp-json\/wp\/v2\/types\/post"}],"author":[{"embeddable":true,"href":"https:\/\/www.oparanews.com.br\/index.php\/wp-json\/wp\/v2\/users\/1"}],"replies":[{"embeddable":true,"href":"https:\/\/www.oparanews.com.br\/index.php\/wp-json\/wp\/v2\/comments?post=6015"}],"version-history":[{"count":0,"href":"https:\/\/www.oparanews.com.br\/index.php\/wp-json\/wp\/v2\/posts\/6015\/revisions"}],"wp:attachment":[{"href":"https:\/\/www.oparanews.com.br\/index.php\/wp-json\/wp\/v2\/media?parent=6015"}],"wp:term":[{"taxonomy":"category","embeddable":true,"href":"https:\/\/www.oparanews.com.br\/index.php\/wp-json\/wp\/v2\/categories?post=6015"},{"taxonomy":"post_tag","embeddable":true,"href":"https:\/\/www.oparanews.com.br\/index.php\/wp-json\/wp\/v2\/tags?post=6015"}],"curies":[{"name":"wp","href":"https:\/\/api.w.org\/{rel}","templated":true}]}}