{"id":6030,"date":"2020-05-04T02:23:46","date_gmt":"2020-05-04T02:23:46","guid":{"rendered":"https:\/\/oparanews.com.br\/?p=6030"},"modified":"2020-05-04T02:23:46","modified_gmt":"2020-05-04T02:23:46","slug":"arthur-aguiar-se-separa-de-mayra-cardi","status":"publish","type":"post","link":"https:\/\/www.oparanews.com.br\/index.php\/2020\/05\/04\/arthur-aguiar-se-separa-de-mayra-cardi\/","title":{"rendered":"Arthur Aguiar se separa de Mayra Cardi"},"content":{"rendered":"<p>Pouco mais de dois anos depois de ser surpreendido com seu pr\u00f3prio casamento, Arthur Aguiar n\u00e3o est\u00e1 mais com Mayra Cardi. Por meio do Instagram, a life coach compartilhou um desabafo anunciando o t\u00e9rmino e revelou o motivo.<\/p>\n<p><em>\u201cTe amo para sempre, mais diferente, As coisas n\u00e3o acabam as coisa se transformam, nosso amor continuar\u00e1 sendo amor, mas foi transformado em algo diferente te amo para sempre independente de como palavras possam dar nome \u00e9 categoria ao amor!\u201d, disparou.<\/em><\/p>\n<p><em>\u201cObrigada por fazer parte de quem sou me transformando em vers\u00f5es melhores de mim e de n\u00f3s @arthuraguiar para sempre te amarei. Hoje eu n\u00e3o vim falar de uma coisa alegre. N\u00e3o vim trazer uma not\u00edcia boa\u201d, anunciou a famosa.<\/em><\/p>\n<p><em>\u201cSempre gosto de trazer alegria porque a vida \u00e9 t\u00e3o \u00fanica\u2026 Eu e o Arthur seremos sempre amigos e pais da Sophia, mas n\u00e3o somos mais homem e mulher. N\u00e3o \u00e9 com facilidade e nem alegria que eu trago essa not\u00edcia para voc\u00eas, mas \u00e9 com o cora\u00e7\u00e3o tranquilo por ser necess\u00e1rio\u201d, explicou ela.<\/em><\/p>\n<p><em>\u201cNem todas as coisas a gente faz porque a gente d\u00e1 conta ou quer. As coisas de adulto, a gente faz porque a gente precisa\u2026 Eu e o Arthur nos apaixonamos muito rapidamente, foi muito intenso e maravilhoso. A nossa qu\u00edmica \u00e9 indiscut\u00edvel\u201d, acrescentou Mayra.<\/em><\/p>\n<p><em>\u201cEu acho que eu nunca tive uma pessoa que me desse t\u00e3o bem quimicamente. O nosso corpo \u00e9 feito de qu\u00edmica. Mas existem outras coisas al\u00e9m da paix\u00e3o, que \u00e9 o companherismo que pra mim sempre foi o mais importante\u201d, lamentou a ex-BBB sobre Arthur Aguiar.<\/em><\/p>\n<p><em>\u201cO Arthur n\u00e3o \u00e9 o meu primeiro marido e cada pessoa que passou pela minha vida tem uma import\u00e2ncia \u00fanica. Cada pessoa que passou na minha vida tem uma import\u00e2ncia t\u00e3o \u00fanica\u201d, prosseguiu a famosa, mostrando as tatuagens que tem com o nome dos dois ex-maridos.<\/em><\/p>\n<p><em>\u201cA parte mais dif\u00edcil de todas \u00e9 saber que o papai n\u00e3o vai estar todos os dias junto com a filha. Era o que eu propus l\u00e1 atr\u00e1s quando pensei se deveria engravidar ou n\u00e3o. Estar no dia a dia faz toda a diferen\u00e7a, ela \u00e9 apaixonada pelo pai\u201d, disse ela ainda.<\/em><\/p>\n<p><em>\u201cFalar t\u00e3o alto numa casa t\u00e3o silenciosa era me sentir t\u00e3o peixe fora d\u2019\u00e1gua. Fui me distanciando de mim sem perceber. A gente ia se mudar para outro pa\u00eds, mas n\u00e3o sabemos como ser\u00e1 ainda. Mas sempre estaremos na mesma cidade, pois temos um bem em comum\u201d, finalizou Mayra Cardi.<\/em><\/p>\n<p>&nbsp;<\/p>\n<p><strong>Fonte: RD1<\/strong><\/p>\n<p>&nbsp;<\/p>\n","protected":false},"excerpt":{"rendered":"<p>Pouco mais de dois anos depois de ser surpreendido com seu pr\u00f3prio casamento, Arthur Aguiar n\u00e3o est\u00e1 mais com Mayra Cardi. Por meio do Instagram, a life coach compartilhou um desabafo anunciando o t\u00e9rmino e revelou o motivo. \u201cTe amo para sempre, mais diferente, As coisas n\u00e3o acabam as coisa se transformam, nosso amor continuar\u00e1 &hellip;<\/p>\n","protected":false},"author":1,"featured_media":6031,"comment_status":"open","ping_status":"open","sticky":false,"template":"","format":"standard","meta":{"_jetpack_newsletter_access":"","_jetpack_dont_email_post_to_subs":false,"_jetpack_newsletter_tier_id":0,"_jetpack_memberships_contains_paywalled_content":false,"_jetpack_memberships_contains_paid_content":false,"footnotes":""},"categories":[1],"tags":[],"class_list":["post-6030","post","type-post","status-publish","format-standard","has-post-thumbnail","hentry","category-destaque"],"jetpack_sharing_enabled":true,"jetpack_featured_media_url":"","_links":{"self":[{"href":"https:\/\/www.oparanews.com.br\/index.php\/wp-json\/wp\/v2\/posts\/6030","targetHints":{"allow":["GET"]}}],"collection":[{"href":"https:\/\/www.oparanews.com.br\/index.php\/wp-json\/wp\/v2\/posts"}],"about":[{"href":"https:\/\/www.oparanews.com.br\/index.php\/wp-json\/wp\/v2\/types\/post"}],"author":[{"embeddable":true,"href":"https:\/\/www.oparanews.com.br\/index.php\/wp-json\/wp\/v2\/users\/1"}],"replies":[{"embeddable":true,"href":"https:\/\/www.oparanews.com.br\/index.php\/wp-json\/wp\/v2\/comments?post=6030"}],"version-history":[{"count":0,"href":"https:\/\/www.oparanews.com.br\/index.php\/wp-json\/wp\/v2\/posts\/6030\/revisions"}],"wp:attachment":[{"href":"https:\/\/www.oparanews.com.br\/index.php\/wp-json\/wp\/v2\/media?parent=6030"}],"wp:term":[{"taxonomy":"category","embeddable":true,"href":"https:\/\/www.oparanews.com.br\/index.php\/wp-json\/wp\/v2\/categories?post=6030"},{"taxonomy":"post_tag","embeddable":true,"href":"https:\/\/www.oparanews.com.br\/index.php\/wp-json\/wp\/v2\/tags?post=6030"}],"curies":[{"name":"wp","href":"https:\/\/api.w.org\/{rel}","templated":true}]}}