{"id":6033,"date":"2020-05-04T02:47:46","date_gmt":"2020-05-04T02:47:46","guid":{"rendered":"https:\/\/oparanews.com.br\/?p=6033"},"modified":"2020-05-04T02:47:46","modified_gmt":"2020-05-04T02:47:46","slug":"bispo-dom-valerio-breda-volta-a-ser-internado-na-uti-em-maceio","status":"publish","type":"post","link":"https:\/\/www.oparanews.com.br\/index.php\/2020\/05\/04\/bispo-dom-valerio-breda-volta-a-ser-internado-na-uti-em-maceio\/","title":{"rendered":"Bispo Dom Val\u00e9rio Breda volta a ser internado na UTI em Macei\u00f3"},"content":{"rendered":"<p>O bispo da Diocese de Penedo, Dom Val\u00e9rio Breda, 75 anos, voltou a ser internado na UTI do Hospital Arthur Ramos, em Macei\u00f3. O religioso retornou aos cuidados intensivos ap\u00f3s apresentar altera\u00e7\u00f5es arterial e desconforto respirat\u00f3rio neste domingo, 03.<\/p>\n<p>Dom Val\u00e9rio, que tamb\u00e9m \u00e9 presidente da Comiss\u00e3o Regional Pastoral para a Anima\u00e7\u00e3o B\u00edblico-Catequ\u00e9tica da CNBB N2, estava h\u00e1 quatro dias sob cuidados m\u00e9dicos na enfermaria do hospital. O bispo deu entrada na unidade de sa\u00fade no dia 15 de abril, ap\u00f3s sofrer um acidente vascular cerebral (AVC), ficando 14 dias na UTI.<\/p>\n<p>&#8220;Neste dia de ora\u00e7\u00e3o especialmente dedicado aos pastores da Igreja, reitero meu convite a estarmos em unidade enquanto Igreja Diocesana, na certeza de que seremos assistidos por Aquele que n\u00e3o abandona suas ovelhas&#8221;, afirmou em nota o vig\u00e1rio geral de Penedo, padre Daniel do Nascimento.<\/p>\n<p>&nbsp;<\/p>\n<p><strong>por Reda\u00e7\u00e3o com Assessoria<\/strong><\/p>\n<p>&nbsp;<\/p>\n","protected":false},"excerpt":{"rendered":"<p>O bispo da Diocese de Penedo, Dom Val\u00e9rio Breda, 75 anos, voltou a ser internado na UTI do Hospital Arthur Ramos, em Macei\u00f3. O religioso retornou aos cuidados intensivos ap\u00f3s apresentar altera\u00e7\u00f5es arterial e desconforto respirat\u00f3rio neste domingo, 03. Dom Val\u00e9rio, que tamb\u00e9m \u00e9 presidente da Comiss\u00e3o Regional Pastoral para a Anima\u00e7\u00e3o B\u00edblico-Catequ\u00e9tica da CNBB &hellip;<\/p>\n","protected":false},"author":1,"featured_media":6034,"comment_status":"open","ping_status":"open","sticky":false,"template":"","format":"standard","meta":{"_jetpack_newsletter_access":"","_jetpack_dont_email_post_to_subs":false,"_jetpack_newsletter_tier_id":0,"_jetpack_memberships_contains_paywalled_content":false,"_jetpack_memberships_contains_paid_content":false,"footnotes":""},"categories":[1],"tags":[],"class_list":["post-6033","post","type-post","status-publish","format-standard","has-post-thumbnail","hentry","category-destaque"],"jetpack_sharing_enabled":true,"jetpack_featured_media_url":"","_links":{"self":[{"href":"https:\/\/www.oparanews.com.br\/index.php\/wp-json\/wp\/v2\/posts\/6033","targetHints":{"allow":["GET"]}}],"collection":[{"href":"https:\/\/www.oparanews.com.br\/index.php\/wp-json\/wp\/v2\/posts"}],"about":[{"href":"https:\/\/www.oparanews.com.br\/index.php\/wp-json\/wp\/v2\/types\/post"}],"author":[{"embeddable":true,"href":"https:\/\/www.oparanews.com.br\/index.php\/wp-json\/wp\/v2\/users\/1"}],"replies":[{"embeddable":true,"href":"https:\/\/www.oparanews.com.br\/index.php\/wp-json\/wp\/v2\/comments?post=6033"}],"version-history":[{"count":0,"href":"https:\/\/www.oparanews.com.br\/index.php\/wp-json\/wp\/v2\/posts\/6033\/revisions"}],"wp:attachment":[{"href":"https:\/\/www.oparanews.com.br\/index.php\/wp-json\/wp\/v2\/media?parent=6033"}],"wp:term":[{"taxonomy":"category","embeddable":true,"href":"https:\/\/www.oparanews.com.br\/index.php\/wp-json\/wp\/v2\/categories?post=6033"},{"taxonomy":"post_tag","embeddable":true,"href":"https:\/\/www.oparanews.com.br\/index.php\/wp-json\/wp\/v2\/tags?post=6033"}],"curies":[{"name":"wp","href":"https:\/\/api.w.org\/{rel}","templated":true}]}}