{"id":6042,"date":"2020-05-04T15:26:15","date_gmt":"2020-05-04T15:26:15","guid":{"rendered":"https:\/\/oparanews.com.br\/?p=6042"},"modified":"2020-05-04T15:26:15","modified_gmt":"2020-05-04T15:26:15","slug":"mp-processa-prefeito-de-arapiraca-por-improbidade-administrativa","status":"publish","type":"post","link":"https:\/\/www.oparanews.com.br\/index.php\/2020\/05\/04\/mp-processa-prefeito-de-arapiraca-por-improbidade-administrativa\/","title":{"rendered":"MP processa prefeito de Arapiraca por improbidade administrativa"},"content":{"rendered":"<p>Na manh\u00e3 desta segunda-feira (04), o Minist\u00e9rio P\u00fablico Estadual de Alagoas (MPAL) informou que ajuizou, no \u00faltimo dia 29, uma a\u00e7\u00e3o civil p\u00fablica por ato de improbidade administrativa contra o prefeito de Arapiraca, Rog\u00e9rio T\u00e9ofilo, e um administrador de empresas. Ambos s\u00e3o acusados de lesar a prefeitura, no ano de 2017, em raz\u00e3o de um contrato para a realiza\u00e7\u00e3o de uma auditoria que aconteceu sem a realiza\u00e7\u00e3o do devido processo licitat\u00f3rio.<\/p>\n<p>Na a\u00e7\u00e3o, proposta pelo promotor de justi\u00e7a Rodrigo Soares, o Minist\u00e9rio P\u00fablico pede a condena\u00e7\u00e3o dos dois acusados por ato de improbidade administrativa com base no artigo 11 da Lei n.\u00ba 8.429\/92. E diz esse artigo 11: \u201cConstitui ato de improbidade administrativa que atenta contra os princ\u00edpios da administra\u00e7\u00e3o p\u00fablica qualquer a\u00e7\u00e3o ou omiss\u00e3o que viole os deveres de honestidade, imparcialidade, legalidade, e lealdade \u00e0s institui\u00e7\u00f5es\u201d.<\/p>\n<p>O MPAL tamb\u00e9m requereu que ambos sejam condenados ao pagamento de multa civil arbitrada em at\u00e9 100 vezes a remunera\u00e7\u00e3o percebida \u00e0 \u00e9poca dos fatos, sendo o m\u00ednimo de 50 vezes (Lei 8.429\/92, artigo 12, inciso III), com a atualiza\u00e7\u00e3o dos valores e o acr\u00e9scimo de juros de mora na data da condena\u00e7\u00e3o, al\u00e9m da perda da fun\u00e7\u00e3o p\u00fablica que exercem ou venham a exercer quando do an\u00fancio da senten\u00e7a.<\/p>\n<p>Por fim, Rodrigo Soares pediu ainda a suspens\u00e3o dos direitos pol\u00edticos por cinco anos, a proibi\u00e7\u00e3o de ambos contratarem com o poder p\u00fablico, por tr\u00eas anos e que eles sejam impedidos de receber benef\u00edcios ou incentivos fiscais.<\/p>\n<p>A a\u00e7\u00e3o teve como base o inqu\u00e9rito civil n\u00ba 06.2019.00000781-2, instaurado para apurar como se deu a suposta contrata\u00e7\u00e3o e execu\u00e7\u00e3o de auditoria que teria sido realizada pelo administrador nas contas da Prefeitura de Arapiraca.<\/p>\n<p>&nbsp;<\/p>\n<p><strong>Fonte: TNH1<\/strong><\/p>\n<p>&nbsp;<\/p>\n","protected":false},"excerpt":{"rendered":"<p>Na manh\u00e3 desta segunda-feira (04), o Minist\u00e9rio P\u00fablico Estadual de Alagoas (MPAL) informou que ajuizou, no \u00faltimo dia 29, uma a\u00e7\u00e3o civil p\u00fablica por ato de improbidade administrativa contra o prefeito de Arapiraca, Rog\u00e9rio T\u00e9ofilo, e um administrador de empresas. Ambos s\u00e3o acusados de lesar a prefeitura, no ano de 2017, em raz\u00e3o de um &hellip;<\/p>\n","protected":false},"author":1,"featured_media":6043,"comment_status":"open","ping_status":"open","sticky":false,"template":"","format":"standard","meta":{"_jetpack_newsletter_access":"","_jetpack_dont_email_post_to_subs":false,"_jetpack_newsletter_tier_id":0,"_jetpack_memberships_contains_paywalled_content":false,"_jetpack_memberships_contains_paid_content":false,"footnotes":""},"categories":[1],"tags":[],"class_list":["post-6042","post","type-post","status-publish","format-standard","has-post-thumbnail","hentry","category-destaque"],"jetpack_sharing_enabled":true,"jetpack_featured_media_url":"","_links":{"self":[{"href":"https:\/\/www.oparanews.com.br\/index.php\/wp-json\/wp\/v2\/posts\/6042","targetHints":{"allow":["GET"]}}],"collection":[{"href":"https:\/\/www.oparanews.com.br\/index.php\/wp-json\/wp\/v2\/posts"}],"about":[{"href":"https:\/\/www.oparanews.com.br\/index.php\/wp-json\/wp\/v2\/types\/post"}],"author":[{"embeddable":true,"href":"https:\/\/www.oparanews.com.br\/index.php\/wp-json\/wp\/v2\/users\/1"}],"replies":[{"embeddable":true,"href":"https:\/\/www.oparanews.com.br\/index.php\/wp-json\/wp\/v2\/comments?post=6042"}],"version-history":[{"count":0,"href":"https:\/\/www.oparanews.com.br\/index.php\/wp-json\/wp\/v2\/posts\/6042\/revisions"}],"wp:attachment":[{"href":"https:\/\/www.oparanews.com.br\/index.php\/wp-json\/wp\/v2\/media?parent=6042"}],"wp:term":[{"taxonomy":"category","embeddable":true,"href":"https:\/\/www.oparanews.com.br\/index.php\/wp-json\/wp\/v2\/categories?post=6042"},{"taxonomy":"post_tag","embeddable":true,"href":"https:\/\/www.oparanews.com.br\/index.php\/wp-json\/wp\/v2\/tags?post=6042"}],"curies":[{"name":"wp","href":"https:\/\/api.w.org\/{rel}","templated":true}]}}