{"id":6045,"date":"2020-05-05T00:21:12","date_gmt":"2020-05-05T00:21:12","guid":{"rendered":"https:\/\/oparanews.com.br\/?p=6045"},"modified":"2020-05-05T00:21:12","modified_gmt":"2020-05-05T00:21:12","slug":"al-tem-1-538-casos-confirmados-e-72-mortes-por-covid-19","status":"publish","type":"post","link":"https:\/\/www.oparanews.com.br\/index.php\/2020\/05\/05\/al-tem-1-538-casos-confirmados-e-72-mortes-por-covid-19\/","title":{"rendered":"AL tem 1.538 casos confirmados e 72 mortes por Covid-19"},"content":{"rendered":"<p>O Minist\u00e9rio da Sade (MS) e a Secretaria do Estado da Sa\u00fade (Sesau) divulgaram nesta segunda-feira (4), nos bala\u00e7os mais recentes dos casos de novo coronav\u00edrus, que Alagoas tem 1.538 casos confirmados e 72 mortes por Covid-19.<\/p>\n<p>S\u00e3o 97 casos e oito mortes a mais que o \u00faltimo boletim divulgado pela Secretaria de Estado da Sa\u00fade (Sesau), no domingo (3), quando Alagoas tinha 1.441 casos confirmados e 64 mortes por Covid-19.<\/p>\n<p>De acordo com a Sesau, a 65\u00aa morte por Covid-19 em Alagoas foi de um homem de 51 anos. Ele morreu na Medradius, em Macei\u00f3, e n\u00e3o tinha comorbidades. A 66\u00aa morte foi de um homem de 43 anos que tamb\u00e9m n\u00e3o tinha hist\u00f3rico de comorbidades. Ele morreu no Hospital Humanit\u00e9, em Macei\u00f3.<\/p>\n<p>A 67\u00aa v\u00edtima foi um homem de 78 anos que morava em Arapiraca. A 68\u00aa pessoa a morrer foi um homem de 71 anos que morava em Rio Largo. A 69\u00aa foi um homem de 58 anos de S\u00e3o Miguel dos Campos; a 70\u00aa foi de um homem de 60 anos de Pilar; a 71\u00aa de um homem de 76 anos, morador de Messias. Todos eles tinham hist\u00f3ricos de comorbidades: doen\u00e7as respirat\u00f3rias, dois eram diab\u00e9ticos, um tinha hipertens\u00e3o e outro era tabagista\/etilista.<\/p>\n<p>Dois \u00f3bitos ocorreram no Hospital da Mulher, em Macei\u00f3; um no Hospital Carvalho Beltr\u00e3o, em Coruripe; um no Hospital Ib Gatto, em Rio Largo e um na UPA de S\u00e3o Miguel dos Campos.<\/p>\n<p>A 72\u00aa v\u00edtima foi uma mulher de 71 anos, que moravam em Macei\u00f3. Ela morreu no Hospital Veredas e n\u00e3o tinha hist\u00f3ricos de comorbidades.<\/p>\n<p>Outras 11 pessoas que com Covid-19 em Alagoas residem em Pernambuco, Distrito Federal, Rio de Janeiro e S\u00e3o Paulo.<\/p>\n<p><strong>Leitos de Covid-19<\/strong><\/p>\n<p>Segundo a Sesau, dos 430 leitos exclusivos para pacientes com suspeita e confirma\u00e7\u00e3o de infec\u00e7\u00e3o pelo novo coronav\u00edrus, 221 estavam ocupados at\u00e9 as 13h desta segunda-feira, o que corresponde a 51% do total : 71 pacientes est\u00e3o em leitos de UTI, 07 em leitos intermedi\u00e1rios e 143 em enfermaria..<\/p>\n<p>Munic\u00edpios com casos confirmados<\/p>\n<p><strong>Macei\u00f3 &#8211; 1.260<\/strong><br \/>\n<strong>Marechal Deodoro &#8211; 36<\/strong><br \/>\n<strong>Rio Largo \u2013 32<\/strong><br \/>\n<strong>Arapiraca \u2013 26<\/strong><br \/>\n<strong>Murici \u2013 25<\/strong><br \/>\n<strong>Satuba \u2013 19<\/strong><br \/>\n<strong>Palmeira dos \u00cdndios \u2013 18<\/strong><br \/>\n<strong>Uni\u00e3o dos Palmares \u2013 11<\/strong><br \/>\n<strong>Junqueiro \u2013 6<\/strong><br \/>\n<strong>S\u00e3o Miguel dos Campos \u2013 6<\/strong><br \/>\n<strong>Barra de S\u00e3o Miguel \u2013 6<\/strong><br \/>\n<strong>Pilar \u2013 9<\/strong><br \/>\n<strong>Maragogi \u2013 9<\/strong><br \/>\n<strong>Pia\u00e7abu\u00e7u \u2013 4<\/strong><br \/>\n<strong>Santa Luzia do Norte \u2013 5<\/strong><br \/>\n<strong>S\u00e3o Sebasti\u00e3o \u2013 4<\/strong><br \/>\n<strong>Joaquim Gomes \u2013 3<\/strong><br \/>\n<strong>Campo Alegre \u2013 3<\/strong><br \/>\n<strong>Porto Calvo \u2013 2<\/strong><br \/>\n<strong>S\u00e3o Miguel dos Milagres \u2013 2<\/strong><br \/>\n<strong>Maribondo \u2013 2<\/strong><br \/>\n<strong>Coruripe \u2013 3<\/strong><br \/>\n<strong>Taquarana \u2013 3<\/strong><br \/>\n<strong>Batalha \u2013 3<\/strong><br \/>\n<strong>Capela \u2013 2<\/strong><br \/>\n<strong>Paripueira -2<\/strong><br \/>\n<strong>Penedo \u2013 2<\/strong><br \/>\n<strong>Boca da Mata \u2013 2<\/strong><br \/>\n<strong>Lagoa da Canoa \u2013 1<\/strong><br \/>\n<strong>Atalaia \u2013 1<\/strong><br \/>\n<strong>Branquinha \u2013 1<\/strong><br \/>\n<strong>Olho D\u2019\u00c1gua das Flores \u2013 1<\/strong><br \/>\n<strong>Porto Real do Col\u00e9gio \u2013 1<\/strong><br \/>\n<strong>Delmiro Gouveia \u2013 1<\/strong><br \/>\n<strong>Jequi\u00e1 da Praia \u2013 1<\/strong><br \/>\n<strong>Jaramataia \u2013 1<\/strong><br \/>\n<strong>Vi\u00e7osa \u2013 1<\/strong><br \/>\n<strong>Ibateguara -1<\/strong><br \/>\n<strong>Barra de Santo Ant\u00f4nio \u2013 1<\/strong><br \/>\n<strong>Anadia \u2013 1<\/strong><br \/>\n<strong>Matriz do Camaragibe \u2013 1<\/strong><br \/>\n<strong>Limoeiro de Anadia \u2013 1<\/strong><br \/>\n<strong>Palestina \u2013 1<\/strong><br \/>\n<strong>Paulo Jacinto \u2013 1<\/strong><br \/>\n<strong>Novo Lino -1<\/strong><br \/>\n<strong>Coqueiro Seco \u2013 1<\/strong><br \/>\n<strong>Teot\u00f4nio Vilela -1<\/strong><br \/>\n<strong>Col\u00f4nia Leopoldina \u2013 1<\/strong><br \/>\n<strong>Santana do Ipanema \u2013 1<\/strong><br \/>\n<strong>Messias (1)<\/strong><\/p>\n<p>&nbsp;<\/p>\n<p><strong>Fonte: G1\/AL<\/strong><\/p>\n<p>&nbsp;<\/p>\n","protected":false},"excerpt":{"rendered":"<p>O Minist\u00e9rio da Sade (MS) e a Secretaria do Estado da Sa\u00fade (Sesau) divulgaram nesta segunda-feira (4), nos bala\u00e7os mais recentes dos casos de novo coronav\u00edrus, que Alagoas tem 1.538 casos confirmados e 72 mortes por Covid-19. S\u00e3o 97 casos e oito mortes a mais que o \u00faltimo boletim divulgado pela Secretaria de Estado da &hellip;<\/p>\n","protected":false},"author":1,"featured_media":6046,"comment_status":"open","ping_status":"open","sticky":false,"template":"","format":"standard","meta":{"_jetpack_newsletter_access":"","_jetpack_dont_email_post_to_subs":false,"_jetpack_newsletter_tier_id":0,"_jetpack_memberships_contains_paywalled_content":false,"_jetpack_memberships_contains_paid_content":false,"footnotes":""},"categories":[1],"tags":[],"class_list":["post-6045","post","type-post","status-publish","format-standard","has-post-thumbnail","hentry","category-destaque"],"jetpack_sharing_enabled":true,"jetpack_featured_media_url":"","_links":{"self":[{"href":"https:\/\/www.oparanews.com.br\/index.php\/wp-json\/wp\/v2\/posts\/6045","targetHints":{"allow":["GET"]}}],"collection":[{"href":"https:\/\/www.oparanews.com.br\/index.php\/wp-json\/wp\/v2\/posts"}],"about":[{"href":"https:\/\/www.oparanews.com.br\/index.php\/wp-json\/wp\/v2\/types\/post"}],"author":[{"embeddable":true,"href":"https:\/\/www.oparanews.com.br\/index.php\/wp-json\/wp\/v2\/users\/1"}],"replies":[{"embeddable":true,"href":"https:\/\/www.oparanews.com.br\/index.php\/wp-json\/wp\/v2\/comments?post=6045"}],"version-history":[{"count":0,"href":"https:\/\/www.oparanews.com.br\/index.php\/wp-json\/wp\/v2\/posts\/6045\/revisions"}],"wp:attachment":[{"href":"https:\/\/www.oparanews.com.br\/index.php\/wp-json\/wp\/v2\/media?parent=6045"}],"wp:term":[{"taxonomy":"category","embeddable":true,"href":"https:\/\/www.oparanews.com.br\/index.php\/wp-json\/wp\/v2\/categories?post=6045"},{"taxonomy":"post_tag","embeddable":true,"href":"https:\/\/www.oparanews.com.br\/index.php\/wp-json\/wp\/v2\/tags?post=6045"}],"curies":[{"name":"wp","href":"https:\/\/api.w.org\/{rel}","templated":true}]}}