{"id":6054,"date":"2020-05-05T00:36:38","date_gmt":"2020-05-05T00:36:38","guid":{"rendered":"https:\/\/oparanews.com.br\/?p=6054"},"modified":"2020-05-05T00:36:38","modified_gmt":"2020-05-05T00:36:38","slug":"arapiraca-registra-mais-duas-mortes-por-coronavirus","status":"publish","type":"post","link":"https:\/\/www.oparanews.com.br\/index.php\/2020\/05\/05\/arapiraca-registra-mais-duas-mortes-por-coronavirus\/","title":{"rendered":"Arapiraca registra mais duas mortes por Coronav\u00edrus"},"content":{"rendered":"<p>A cidade de Arapiraca, no agreste de Alagoas, registrou mais duas mortes por Coronav\u00edrus. A prefeitura municipal confirmou a not\u00edcia, atrav\u00e9s da Vigil\u00e2ncia Epidemiol\u00f3gica de Arapiraca, na tarde desta segunda-feira (4). O munic\u00edpio tem tr\u00eas casos de mortes confirmados. A primeira morte foi registrada na manh\u00e3 deste domingo (3).<\/p>\n<p>Segundo a prefeitura, o primeiro \u00f3bito, ocorreu no dia 1\u00ba de maio, no Hospital Carvalho Beltr\u00e3o, na cidade de Coruripe. Trata-se de uma pessoa do sexo masculino, 78 anos, residente no Bairro Planalto, em Arapiraca. Segundo nota emitida pela Secretaria Municipal de Sa\u00fade, o paciente havia sido internado no Hospital Regional, com realiza\u00e7\u00e3o de coleta para exame, no dia 25 de abril, e posteriormente, conforme Regula\u00e7\u00e3o Estadual, foi transferido para o Hospital Carvalho Beltr\u00e3o, quando foi realizada uma segunda coleta.<\/p>\n<p>O paciente evoluiu para \u00f3bito, na tarde do dia 1\u00ba de maio, no Hospital Carvalho Beltr\u00e3o. Segundo a Secretaria Municipal de Sa\u00fade, a informa\u00e7\u00e3o do resultado positivo para Covid-19 chegou neste domingo, atrav\u00e9s Centro de Informa\u00e7\u00f5es Estrat\u00e9gicas e Respostas em Vigil\u00e2ncia em Sa\u00fade (CIEVS).<\/p>\n<p>Ainda de acordo com informa\u00e7\u00f5es da equipe de Vigil\u00e2ncia Epidemiol\u00f3gica, o caso trata-se de um paciente idoso, com in\u00edcio dos sintomas em 27 de abril, com tosse, dispneia, febre, e portador de doen\u00e7a respirat\u00f3ria cr\u00f4nica descompensada.<\/p>\n<p>O segundo caso de \u00f3bito ocorreu nesta segunda-feira (4), no Hospital Memorial Djacy Barbosa (HMDB). Trata-se de uma pessoa do sexo feminino, 89 anos, residente no bairro Baixa Grande, que foi atendida no Pronto Atendimento do 5\u00ba Centro de Sa\u00fade, no s\u00e1bado (2), com desconforto respirat\u00f3rio. Encaminhada para a Unidade Sentinela, onde foi avaliada e direcionada para a interna\u00e7\u00e3o no HMDB, onde evoluiu para \u00f3bito.<\/p>\n<p>De acordo com a prefeitura, os contatos dos falecidos est\u00e3o sendo monitorados pela equipe da Vigil\u00e2ncia Epidemiol\u00f3gica, Unidade Sentinela, em conjunto com a Unidade de Sa\u00fade do Planalto e 2\u00ba Centro de Sa\u00fade.<\/p>\n<p>&nbsp;<\/p>\n<p><strong>com Assessoria<\/strong><\/p>\n<p>&nbsp;<\/p>\n","protected":false},"excerpt":{"rendered":"<p>A cidade de Arapiraca, no agreste de Alagoas, registrou mais duas mortes por Coronav\u00edrus. A prefeitura municipal confirmou a not\u00edcia, atrav\u00e9s da Vigil\u00e2ncia Epidemiol\u00f3gica de Arapiraca, na tarde desta segunda-feira (4). O munic\u00edpio tem tr\u00eas casos de mortes confirmados. A primeira morte foi registrada na manh\u00e3 deste domingo (3). Segundo a prefeitura, o primeiro \u00f3bito, &hellip;<\/p>\n","protected":false},"author":1,"featured_media":6055,"comment_status":"open","ping_status":"open","sticky":false,"template":"","format":"standard","meta":{"_jetpack_newsletter_access":"","_jetpack_dont_email_post_to_subs":false,"_jetpack_newsletter_tier_id":0,"_jetpack_memberships_contains_paywalled_content":false,"_jetpack_memberships_contains_paid_content":false,"footnotes":""},"categories":[1],"tags":[],"class_list":["post-6054","post","type-post","status-publish","format-standard","has-post-thumbnail","hentry","category-destaque"],"jetpack_sharing_enabled":true,"jetpack_featured_media_url":"","_links":{"self":[{"href":"https:\/\/www.oparanews.com.br\/index.php\/wp-json\/wp\/v2\/posts\/6054","targetHints":{"allow":["GET"]}}],"collection":[{"href":"https:\/\/www.oparanews.com.br\/index.php\/wp-json\/wp\/v2\/posts"}],"about":[{"href":"https:\/\/www.oparanews.com.br\/index.php\/wp-json\/wp\/v2\/types\/post"}],"author":[{"embeddable":true,"href":"https:\/\/www.oparanews.com.br\/index.php\/wp-json\/wp\/v2\/users\/1"}],"replies":[{"embeddable":true,"href":"https:\/\/www.oparanews.com.br\/index.php\/wp-json\/wp\/v2\/comments?post=6054"}],"version-history":[{"count":0,"href":"https:\/\/www.oparanews.com.br\/index.php\/wp-json\/wp\/v2\/posts\/6054\/revisions"}],"wp:attachment":[{"href":"https:\/\/www.oparanews.com.br\/index.php\/wp-json\/wp\/v2\/media?parent=6054"}],"wp:term":[{"taxonomy":"category","embeddable":true,"href":"https:\/\/www.oparanews.com.br\/index.php\/wp-json\/wp\/v2\/categories?post=6054"},{"taxonomy":"post_tag","embeddable":true,"href":"https:\/\/www.oparanews.com.br\/index.php\/wp-json\/wp\/v2\/tags?post=6054"}],"curies":[{"name":"wp","href":"https:\/\/api.w.org\/{rel}","templated":true}]}}