{"id":6057,"date":"2020-05-05T00:47:56","date_gmt":"2020-05-05T00:47:56","guid":{"rendered":"https:\/\/oparanews.com.br\/?p=6057"},"modified":"2020-05-05T00:47:56","modified_gmt":"2020-05-05T00:47:56","slug":"secretaria-de-saude-de-alagoas-confirma-2o-caso-de-covid-19-em-penedo","status":"publish","type":"post","link":"https:\/\/www.oparanews.com.br\/index.php\/2020\/05\/05\/secretaria-de-saude-de-alagoas-confirma-2o-caso-de-covid-19-em-penedo\/","title":{"rendered":"Secretaria de Sa\u00fade de Alagoas confirma 2\u00ba caso de Covid-19 em Penedo"},"content":{"rendered":"<p>O boletim epidemiol\u00f3gico divulgado pela Secretaria Municipal de Sa\u00fade da Prefeitura de Penedo nesta segunda-feira, 04, informa o segundo caso de pessoa residente no munic\u00edpio que testou positivo para o coronav\u00edrus (Covid-19).<\/p>\n<p>Seguindo os protocolos estabelecidos para a\u00e7\u00f5es relacionadas \u00e0 pandemia da gripe que j\u00e1 matou 72 pessoas somente em Alagoas e mais de sete mil no Brasil (7.288 at\u00e9 as 15 horas de hoje), a Secretaria Municipal de Sa\u00fade de Penedo s\u00f3 pode tornar p\u00fablico os dados que recebe da Secretaria Estadual.<\/p>\n<p>A troca de informa\u00e7\u00f5es entre as esferas de governo \u00e9 obrigat\u00f3ria e necess\u00e1ria para o controle do grave problema de sa\u00fade p\u00fablica, inclusive no aspecto de evitar a duplicidade de casos, ou seja, o mesmo paciente constar nos registros em munic\u00edpio diferentes.<\/p>\n<p><strong>Covid-19<\/strong><\/p>\n<p>Como \u00e9 de conhecimento p\u00fablico, tanto o prefeito M\u00e1rcius Beltr\u00e3o quanto o Vereador Edivaldo dos Santos usaram suas respectivas redes sociais para divulgar que testaram positivo para a Covid-19.<\/p>\n<p>Contudo, a identidade das pessoas infectadas precisa ser preservada, n\u00e3o somente para o caso da pandemia atual, mas como norma geral que define a rela\u00e7\u00e3o entre m\u00e9dico\/paciente.<\/p>\n<p>Al\u00e9m do segundo caso de coronav\u00edrus em Penedo, o boletim divulgado nesta segunda-feira, 4, informa que n\u00e3o h\u00e1 casos suspeitos no munic\u00edpio, sendo 40 monitorados e seis j\u00e1 considerados descartados e 37 com sintomas de s\u00edndrome gripal.<\/p>\n<p>Em Alagoas, j\u00e1 est\u00e3o registrados 1.538 casos confirmados de Covid-19, com mais 838 suspeitos e 356 recuperados, al\u00e9m dos 72 \u00f3bitos.<\/p>\n<p>&nbsp;<\/p>\n<p><strong>por Fernando Vin\u00edcius \u2013 Decom PMP<\/strong><\/p>\n<p>&nbsp;<\/p>\n","protected":false},"excerpt":{"rendered":"<p>O boletim epidemiol\u00f3gico divulgado pela Secretaria Municipal de Sa\u00fade da Prefeitura de Penedo nesta segunda-feira, 04, informa o segundo caso de pessoa residente no munic\u00edpio que testou positivo para o coronav\u00edrus (Covid-19). Seguindo os protocolos estabelecidos para a\u00e7\u00f5es relacionadas \u00e0 pandemia da gripe que j\u00e1 matou 72 pessoas somente em Alagoas e mais de sete &hellip;<\/p>\n","protected":false},"author":1,"featured_media":6058,"comment_status":"open","ping_status":"open","sticky":false,"template":"","format":"standard","meta":{"_jetpack_newsletter_access":"","_jetpack_dont_email_post_to_subs":false,"_jetpack_newsletter_tier_id":0,"_jetpack_memberships_contains_paywalled_content":false,"_jetpack_memberships_contains_paid_content":false,"footnotes":""},"categories":[1],"tags":[],"class_list":["post-6057","post","type-post","status-publish","format-standard","has-post-thumbnail","hentry","category-destaque"],"jetpack_sharing_enabled":true,"jetpack_featured_media_url":"","_links":{"self":[{"href":"https:\/\/www.oparanews.com.br\/index.php\/wp-json\/wp\/v2\/posts\/6057","targetHints":{"allow":["GET"]}}],"collection":[{"href":"https:\/\/www.oparanews.com.br\/index.php\/wp-json\/wp\/v2\/posts"}],"about":[{"href":"https:\/\/www.oparanews.com.br\/index.php\/wp-json\/wp\/v2\/types\/post"}],"author":[{"embeddable":true,"href":"https:\/\/www.oparanews.com.br\/index.php\/wp-json\/wp\/v2\/users\/1"}],"replies":[{"embeddable":true,"href":"https:\/\/www.oparanews.com.br\/index.php\/wp-json\/wp\/v2\/comments?post=6057"}],"version-history":[{"count":0,"href":"https:\/\/www.oparanews.com.br\/index.php\/wp-json\/wp\/v2\/posts\/6057\/revisions"}],"wp:attachment":[{"href":"https:\/\/www.oparanews.com.br\/index.php\/wp-json\/wp\/v2\/media?parent=6057"}],"wp:term":[{"taxonomy":"category","embeddable":true,"href":"https:\/\/www.oparanews.com.br\/index.php\/wp-json\/wp\/v2\/categories?post=6057"},{"taxonomy":"post_tag","embeddable":true,"href":"https:\/\/www.oparanews.com.br\/index.php\/wp-json\/wp\/v2\/tags?post=6057"}],"curies":[{"name":"wp","href":"https:\/\/api.w.org\/{rel}","templated":true}]}}