{"id":6066,"date":"2020-05-05T19:47:45","date_gmt":"2020-05-05T19:47:45","guid":{"rendered":"https:\/\/oparanews.com.br\/?p=6066"},"modified":"2020-05-05T19:47:45","modified_gmt":"2020-05-05T19:47:45","slug":"fla-fecha-acordo-com-jogadores-para-reducao-de-25-dos-salarios","status":"publish","type":"post","link":"https:\/\/www.oparanews.com.br\/index.php\/2020\/05\/05\/fla-fecha-acordo-com-jogadores-para-reducao-de-25-dos-salarios\/","title":{"rendered":"Fla fecha acordo com jogadores para redu\u00e7\u00e3o de 25% dos sal\u00e1rios"},"content":{"rendered":"<p>O Clube de Regatas do Flamengo anunciou no in\u00edcio da tarde de hoje (5), por nota oficial, que fechou um acordo com os jogadores que prev\u00ea o corte de 25% dos vencimentos deles nos pr\u00f3ximos dois meses. A redu\u00e7\u00e3o dos sal\u00e1rios ocorre cinco dias ap\u00f3s o clube iniciar a um processo de demiss\u00e3o &#8211; 12 trabalhadores j\u00e1 foram desligados e est\u00e3o previstas outras 50 demiss\u00f5es &#8211; que pretende reduzir 6% do quadro de colaboradores. As medidas tentam mitigar os efeitos da crise causada pela pandemia do novo coronav\u00edrus (covid-19), ap\u00f3s a paralisa\u00e7\u00e3o do futebol no pa\u00eds.<\/p>\n<p>O documento &#8211; que ser\u00e1 oficializado por ambas as partes nos pr\u00f3ximos dias &#8211; tamb\u00e9m estabelece o adiamento do pagamento dos direitos de imagens, que seriam pagos em maio e junho deste ano. Com a ades\u00e3o ao acordo, a quita\u00e7\u00e3o ser\u00e1 feita em dez parcelas, a partir de janeiro de 2021. Em princ\u00edipio, a vig\u00eancia do documento ser\u00e1 para os meses de maio e junho. Ap\u00f3s este per\u00edodo, o clube se compromete a realizar nova avalia\u00e7\u00e3o.<\/p>\n<p>&#8220;A crise econ\u00f4mica resultante da pandemia da COVID-19 \u00e9 grave e afeta a todos. Infelizmente, medidas duras s\u00e3o necess\u00e1rias de forma a garantir a continuidade de todas as institui\u00e7\u00f5es e empresas. O Clube de Regatas do Flamengo, apesar de seu tamanho e sua situa\u00e7\u00e3o financeira equilibrada, n\u00e3o est\u00e1 imune a isto&#8221;, diz a abertura da nota oficial, publicada no site do Rubronegro.<\/p>\n<p>Na \u00faltima quinta (30) foram dispensados do clube 12 trabalhadores da categoria de base, entre eles, roupeiros, motorista e fisiologistas. Tamb\u00e9m foi firmado um acordo com o restante dos trabalhadores do clube que estabelece a redu\u00e7\u00e3o de 25% dos sal\u00e1rios acima de R$ 4 mil por m\u00eas.<\/p>\n<p>&nbsp;<\/p>\n<p><strong>Fonte: Ag\u00eancia Brasil<\/strong><\/p>\n<p>&nbsp;<\/p>\n","protected":false},"excerpt":{"rendered":"<p>O Clube de Regatas do Flamengo anunciou no in\u00edcio da tarde de hoje (5), por nota oficial, que fechou um acordo com os jogadores que prev\u00ea o corte de 25% dos vencimentos deles nos pr\u00f3ximos dois meses. A redu\u00e7\u00e3o dos sal\u00e1rios ocorre cinco dias ap\u00f3s o clube iniciar a um processo de demiss\u00e3o &#8211; 12 &hellip;<\/p>\n","protected":false},"author":1,"featured_media":6067,"comment_status":"open","ping_status":"open","sticky":false,"template":"","format":"standard","meta":{"_jetpack_newsletter_access":"","_jetpack_dont_email_post_to_subs":false,"_jetpack_newsletter_tier_id":0,"_jetpack_memberships_contains_paywalled_content":false,"_jetpack_memberships_contains_paid_content":false,"footnotes":""},"categories":[1],"tags":[],"class_list":["post-6066","post","type-post","status-publish","format-standard","has-post-thumbnail","hentry","category-destaque"],"jetpack_sharing_enabled":true,"jetpack_featured_media_url":"","_links":{"self":[{"href":"https:\/\/www.oparanews.com.br\/index.php\/wp-json\/wp\/v2\/posts\/6066","targetHints":{"allow":["GET"]}}],"collection":[{"href":"https:\/\/www.oparanews.com.br\/index.php\/wp-json\/wp\/v2\/posts"}],"about":[{"href":"https:\/\/www.oparanews.com.br\/index.php\/wp-json\/wp\/v2\/types\/post"}],"author":[{"embeddable":true,"href":"https:\/\/www.oparanews.com.br\/index.php\/wp-json\/wp\/v2\/users\/1"}],"replies":[{"embeddable":true,"href":"https:\/\/www.oparanews.com.br\/index.php\/wp-json\/wp\/v2\/comments?post=6066"}],"version-history":[{"count":0,"href":"https:\/\/www.oparanews.com.br\/index.php\/wp-json\/wp\/v2\/posts\/6066\/revisions"}],"wp:attachment":[{"href":"https:\/\/www.oparanews.com.br\/index.php\/wp-json\/wp\/v2\/media?parent=6066"}],"wp:term":[{"taxonomy":"category","embeddable":true,"href":"https:\/\/www.oparanews.com.br\/index.php\/wp-json\/wp\/v2\/categories?post=6066"},{"taxonomy":"post_tag","embeddable":true,"href":"https:\/\/www.oparanews.com.br\/index.php\/wp-json\/wp\/v2\/tags?post=6066"}],"curies":[{"name":"wp","href":"https:\/\/api.w.org\/{rel}","templated":true}]}}