{"id":6069,"date":"2020-05-05T19:49:31","date_gmt":"2020-05-05T19:49:31","guid":{"rendered":"https:\/\/oparanews.com.br\/?p=6069"},"modified":"2020-05-05T19:49:31","modified_gmt":"2020-05-05T19:49:31","slug":"idoso-curado-da-covid-19-recebe-alta-do-hospital-da-mulher","status":"publish","type":"post","link":"https:\/\/www.oparanews.com.br\/index.php\/2020\/05\/05\/idoso-curado-da-covid-19-recebe-alta-do-hospital-da-mulher\/","title":{"rendered":"Idoso curado da Covid-19 recebe alta do Hospital da Mulher"},"content":{"rendered":"<p>A noite de segunda-feira (4) foi de comemora\u00e7\u00e3o no Hospital da Mulher Dr.\u00aa Nise da Silveira (HM), localizado no bairro Po\u00e7o, em Macei\u00f3, gra\u00e7as a hist\u00f3ria de Jos\u00e9 Laurentino, de 73 anos. Ele recebeu alta hospitalar, depois de uma semana internado na Unidade de Terapia Intensiva (UTI) para tratamento de Covid-19, e est\u00e1 curado da doen\u00e7a.<\/p>\n<p>De acordo com a filha de seu Jos\u00e9 Laurentino, Audal\u00e9ia Freire Gueiros, de 37 anos, e sua neta, Elizama Freire Gueiros da Silva, de 21 anos, o idoso deu entrada na Unidade de Pronto Atendimento (UPA) do Benedito Bentes na pen\u00faltima sexta-feira (25) do m\u00eas passado, em virtude da falta de apetite. Ao passar tr\u00eas dias na UPA, ele precisou ser transferido rapidamente para o Hospital da Mulher, pois seu estado de sa\u00fade agravou.<\/p>\n<p>Ele chegou \u00e0 unidade hospitalar com confirma\u00e7\u00e3o positiva para Covid-19, j\u00e1 que tinha sido feito o teste r\u00e1pido na UPA. O coordenador m\u00e9dico do Centro de Terapia Intensiva Covid-19 do Hospital da Mulher, Luiz Guilherme Almeida, explicou que o paciente Jos\u00e9 Laurentino deu entrada no hospital muito debilitado, pelo fato de ele ser hipertenso e ter doen\u00e7a renal cr\u00f4nica agudizada, isto \u00e9, quando h\u00e1 uma diminui\u00e7\u00e3o lenta e progressiva da capacidade dos rins de filtrar os res\u00edduos metab\u00f3licos do sangue.<\/p>\n<p>\u201cO paciente evoluiu com grave quadro de sepse [estado em que pode ocorrer uma incapacidade do sistema circulat\u00f3rio em fornecer fluxo sangu\u00edneo adequado para atender \u00e0s necessidades metab\u00f3licas dos tecidos e \u00f3rg\u00e3os] por infec\u00e7\u00e3o viral pulmonar. O estado de sa\u00fade era grave, visto que foi necess\u00e1ria terapia renal substitutiva por hemodi\u00e1lise, o que recuperou a sua sa\u00fade ao longo dos dias em que esteve interno. Hoje ele recebe alta para conv\u00edvio familiar em isolamento social por mais seis dias. Na alta hospitalar, h\u00e1 um encaminhamento para que ele continue seu tratamento renal ambulatoriamente, durante tr\u00eas vezes por semana\u201d, disse Almeida.<\/p>\n<p>\u201cQuero agradecer a doutora Sarah Dominique, que passava o boletim m\u00e9dico \u00e0 fam\u00edlia todos os dias, no finalzinho da tarde ou \u00e0 noite, deixando a fam\u00edlia mais tranquila sobre o estado de sa\u00fade do meu pai. Durante o tempo em que ele esteve hospitalizado aqui, ficamos preocupados e oramos muito. Mas sab\u00edamos que ele estava em boas m\u00e3os. E, gra\u00e7as a Deus, hoje ele est\u00e1 vivo e bem\u201d, agradeceu Audal\u00e9ia Freire. \u201cA gente n\u00e3o tem palavras pra agradecer o atendimento desse hospital\u201d, completou a neta, Elizama Freire.<\/p>\n<p>Assim como outros pacientes que receberam alta hospitalar, a hist\u00f3ria se encerrou com final feliz, e os profissionais da UTI se uniram para se despedir e homenagear seu Jos\u00e9 Laurentino. Todos aplaudiram e estavam muito emocionados, afinal, ele pertence ao grupo de risco da doen\u00e7a e, apesar de todas as complica\u00e7\u00f5es, conseguiu se recuperar plenamente.<\/p>\n<p>&nbsp;<\/p>\n<p><strong>Fonte: Ag\u00eancia Alagoas<\/strong><\/p>\n<p>&nbsp;<\/p>\n","protected":false},"excerpt":{"rendered":"<p>A noite de segunda-feira (4) foi de comemora\u00e7\u00e3o no Hospital da Mulher Dr.\u00aa Nise da Silveira (HM), localizado no bairro Po\u00e7o, em Macei\u00f3, gra\u00e7as a hist\u00f3ria de Jos\u00e9 Laurentino, de 73 anos. Ele recebeu alta hospitalar, depois de uma semana internado na Unidade de Terapia Intensiva (UTI) para tratamento de Covid-19, e est\u00e1 curado da &hellip;<\/p>\n","protected":false},"author":1,"featured_media":6070,"comment_status":"open","ping_status":"open","sticky":false,"template":"","format":"standard","meta":{"_jetpack_newsletter_access":"","_jetpack_dont_email_post_to_subs":false,"_jetpack_newsletter_tier_id":0,"_jetpack_memberships_contains_paywalled_content":false,"_jetpack_memberships_contains_paid_content":false,"footnotes":""},"categories":[1],"tags":[],"class_list":["post-6069","post","type-post","status-publish","format-standard","has-post-thumbnail","hentry","category-destaque"],"jetpack_sharing_enabled":true,"jetpack_featured_media_url":"","_links":{"self":[{"href":"https:\/\/www.oparanews.com.br\/index.php\/wp-json\/wp\/v2\/posts\/6069","targetHints":{"allow":["GET"]}}],"collection":[{"href":"https:\/\/www.oparanews.com.br\/index.php\/wp-json\/wp\/v2\/posts"}],"about":[{"href":"https:\/\/www.oparanews.com.br\/index.php\/wp-json\/wp\/v2\/types\/post"}],"author":[{"embeddable":true,"href":"https:\/\/www.oparanews.com.br\/index.php\/wp-json\/wp\/v2\/users\/1"}],"replies":[{"embeddable":true,"href":"https:\/\/www.oparanews.com.br\/index.php\/wp-json\/wp\/v2\/comments?post=6069"}],"version-history":[{"count":0,"href":"https:\/\/www.oparanews.com.br\/index.php\/wp-json\/wp\/v2\/posts\/6069\/revisions"}],"wp:attachment":[{"href":"https:\/\/www.oparanews.com.br\/index.php\/wp-json\/wp\/v2\/media?parent=6069"}],"wp:term":[{"taxonomy":"category","embeddable":true,"href":"https:\/\/www.oparanews.com.br\/index.php\/wp-json\/wp\/v2\/categories?post=6069"},{"taxonomy":"post_tag","embeddable":true,"href":"https:\/\/www.oparanews.com.br\/index.php\/wp-json\/wp\/v2\/tags?post=6069"}],"curies":[{"name":"wp","href":"https:\/\/api.w.org\/{rel}","templated":true}]}}