{"id":6072,"date":"2020-05-05T19:51:49","date_gmt":"2020-05-05T19:51:49","guid":{"rendered":"https:\/\/oparanews.com.br\/?p=6072"},"modified":"2020-05-05T19:51:49","modified_gmt":"2020-05-05T19:51:49","slug":"internacional-volta-as-atividades-no-ct-parque-gigante","status":"publish","type":"post","link":"https:\/\/www.oparanews.com.br\/index.php\/2020\/05\/05\/internacional-volta-as-atividades-no-ct-parque-gigante\/","title":{"rendered":"Internacional volta \u00e0s atividades no CT Parque Gigante"},"content":{"rendered":"<p>A cinzenta manh\u00e3 desta ter\u00e7a-feira \u00e9 ic\u00f4nica no Centro de Treinamentos do Parque Gigante. Exatos 49 dias ap\u00f3s a paralisa\u00e7\u00e3o das atividades em raz\u00e3o da pandemia do coronav\u00edrus, o grupo do Inter voltou aos trabalhos para o in\u00edcio da retomada.<\/p>\n<p>Divididos em grupos e isolados para cumprir os protocolos, os comandados de Eduardo Coudet chegaram aos poucos ao complexo, j\u00e1 fardados para ir direto ao gramado. Bastava estacionar o carro e ir para o campo, ap\u00f3s ser recebidos por funcion\u00e1rios, todos protegidos por m\u00e1scaras.<\/p>\n<p>Ainda antes das atividades, os m\u00e9dicos medem a temperatura de cada um dos jogadores. Liberados, iam aos gramados para os exerc\u00edcios.<\/p>\n<p>O clube retirou os equipamentos da academia e colocou no gramado para que os jogadores realizassem um circuito f\u00edsico. Todos estes higienizados e com borrifadas de \u00e1lcool gel antes da troca de atleta na esta\u00e7\u00e3o. Corridas, agachamentos, levantamento de pesos foram algumas das atividades realizadas.<\/p>\n<p>O Inter \u00e9 o primeiro clube da S\u00e9rie A do Brasileir\u00e3o a retomar atividades &#8211; o Gr\u00eamio tamb\u00e9m tem trabalhos previstos para esta ter\u00e7a-feira. Um decreto da prefeitura de Porto Alegre da \u00faltima sexta-feira autoriza a realiza\u00e7\u00e3o de atividades ao ar livre para atletas profissionais dos clubes.<\/p>\n<p>As \u00e1reas internas do CT Parque Gigante, como vesti\u00e1rio, refeit\u00f3rio e academia, n\u00e3o ser\u00e3o utilizadas. O quadro de funcion\u00e1rios ser\u00e1 reduzido no per\u00edodo. A imprensa n\u00e3o teve nem ter\u00e1 acesso \u00e0s atividades.<\/p>\n<p>&nbsp;<\/p>\n<p><strong>Fonte: Globoesporte<\/strong><\/p>\n<p>&nbsp;<\/p>\n","protected":false},"excerpt":{"rendered":"<p>A cinzenta manh\u00e3 desta ter\u00e7a-feira \u00e9 ic\u00f4nica no Centro de Treinamentos do Parque Gigante. Exatos 49 dias ap\u00f3s a paralisa\u00e7\u00e3o das atividades em raz\u00e3o da pandemia do coronav\u00edrus, o grupo do Inter voltou aos trabalhos para o in\u00edcio da retomada. Divididos em grupos e isolados para cumprir os protocolos, os comandados de Eduardo Coudet chegaram &hellip;<\/p>\n","protected":false},"author":1,"featured_media":6073,"comment_status":"open","ping_status":"open","sticky":false,"template":"","format":"standard","meta":{"_jetpack_newsletter_access":"","_jetpack_dont_email_post_to_subs":false,"_jetpack_newsletter_tier_id":0,"_jetpack_memberships_contains_paywalled_content":false,"_jetpack_memberships_contains_paid_content":false,"footnotes":""},"categories":[1],"tags":[],"class_list":["post-6072","post","type-post","status-publish","format-standard","has-post-thumbnail","hentry","category-destaque"],"jetpack_sharing_enabled":true,"jetpack_featured_media_url":"","_links":{"self":[{"href":"https:\/\/www.oparanews.com.br\/index.php\/wp-json\/wp\/v2\/posts\/6072","targetHints":{"allow":["GET"]}}],"collection":[{"href":"https:\/\/www.oparanews.com.br\/index.php\/wp-json\/wp\/v2\/posts"}],"about":[{"href":"https:\/\/www.oparanews.com.br\/index.php\/wp-json\/wp\/v2\/types\/post"}],"author":[{"embeddable":true,"href":"https:\/\/www.oparanews.com.br\/index.php\/wp-json\/wp\/v2\/users\/1"}],"replies":[{"embeddable":true,"href":"https:\/\/www.oparanews.com.br\/index.php\/wp-json\/wp\/v2\/comments?post=6072"}],"version-history":[{"count":0,"href":"https:\/\/www.oparanews.com.br\/index.php\/wp-json\/wp\/v2\/posts\/6072\/revisions"}],"wp:attachment":[{"href":"https:\/\/www.oparanews.com.br\/index.php\/wp-json\/wp\/v2\/media?parent=6072"}],"wp:term":[{"taxonomy":"category","embeddable":true,"href":"https:\/\/www.oparanews.com.br\/index.php\/wp-json\/wp\/v2\/categories?post=6072"},{"taxonomy":"post_tag","embeddable":true,"href":"https:\/\/www.oparanews.com.br\/index.php\/wp-json\/wp\/v2\/tags?post=6072"}],"curies":[{"name":"wp","href":"https:\/\/api.w.org\/{rel}","templated":true}]}}