{"id":6078,"date":"2020-05-05T20:00:26","date_gmt":"2020-05-05T20:00:26","guid":{"rendered":"https:\/\/oparanews.com.br\/?p=6078"},"modified":"2020-05-05T20:00:26","modified_gmt":"2020-05-05T20:00:26","slug":"quase-300-mil-contas-de-luz-terao-100-de-desconto-em-alagoas","status":"publish","type":"post","link":"https:\/\/www.oparanews.com.br\/index.php\/2020\/05\/05\/quase-300-mil-contas-de-luz-terao-100-de-desconto-em-alagoas\/","title":{"rendered":"Quase 300 mil contas de luz ter\u00e3o 100% de desconto em Alagoas"},"content":{"rendered":"<p>Nesta segunda-feira (04), a Equatorial Energia Alagoas iniciou uma for\u00e7a-tarefa para refaturar mais de 150 mil contas de luz para aplica\u00e7\u00e3o do desconto de 100% da tarifa de energia prevista na Medida Provis\u00f3ria 950, de 08 de abril do Governo Federal e a isen\u00e7\u00e3o do ICMS conforme Decreto N\u00ba 69.706, de 24 de abril, do Governo do Estado.<\/p>\n<p>Segundo divulgado pela assessoria de Comunica\u00e7\u00e3o da Equatorial, o benef\u00edcio ser\u00e1 concedido para os clientes cadastrados na Tarifa Social, que consomem at\u00e9 220kW por m\u00eas, no per\u00edodo de 01 de abril a 30 de junho de 2020.<\/p>\n<p>A assessoria informou que, com base na \u00faltima atualiza\u00e7\u00e3o de dados da Equatorial, 297 mil fam\u00edlias ter\u00e3o direito ao benef\u00edcio, por\u00e9m s\u00f3 haver\u00e1 necessidade de reajustar a conta de cerca de 150 mil delas, pois foram emitidas antes da publica\u00e7\u00e3o o decreto estadual.<\/p>\n<p>Nesse caso, a Distribuidora orienta que quem j\u00e1 recebeu a conta e n\u00e3o efetuou o pagamento, deve emitir o novo boleto gratuitamente no site www.equatorialalagoas.com.br ou com a assistente virtual Clara pelo WhatsApp. Para ter atendimento por este canal, bastar salvar o telefone (82) 2126-9200 na agenda do celular e enviar uma mensagem de texto.<\/p>\n<p>J\u00e1 os clientes que receberam a fatura e efetuaram o pagamento n\u00e3o ser\u00e3o prejudicados, pois o saldo ser\u00e1 creditado na conta pr\u00f3xima fatura. Mesmo que a conta seguinte venha com tarifa zerada, esse saldo pago ficar\u00e1 no sistema para ser concedido nas faturas posteriores ao per\u00edodo da MP e do Decreto.<\/p>\n<p>\u201cOs clientes que j\u00e1 receberam a conta sem o desconto da Tarifa Social ou do ICMS e aqueles em que o leituristas passou, mas n\u00e3o deixou o recibo, n\u00e3o precisam se preocupar, pois, excepcionalmente neste m\u00eas de abril, os vencimentos ser\u00e3o postergados, j\u00e1 que foi necess\u00e1rio fazer modifica\u00e7\u00f5es no sistema para conceder os benef\u00edcios na conta de energia. As novas faturas poder\u00e3o ser emitidas sem custo no site da Equatorial ou atrav\u00e9s do WhatsApp com a assistente virtual, Clara\u201d, esclareceu o gerente de Relacionamento com o Cliente da Equatorial, Carlos Morais.<\/p>\n<p>Morais refor\u00e7a ainda que a fatura n\u00e3o ser\u00e1 zerada, j\u00e1 que a MP e o Decreto n\u00e3o contemplam isen\u00e7\u00e3o aos demais encargos, contribui\u00e7\u00f5es de ilumina\u00e7\u00e3o p\u00fablica e parcelamentos existentes na conta de luz.<\/p>\n<p>TARIFA SOCIAL \u2013 Em Alagoas, cerca de 200 mil alagoanos podem ter acesso ao desconto, mas ainda n\u00e3o realizaram a solicita\u00e7\u00e3o. Para ter direito ao benef\u00edcio, as fam\u00edlias dever\u00e3o atender aos seguintes requisitos:<\/p>\n<p>\u2022 Ser inscrito no Cad\u00danico, com renda familiar de at\u00e9 meio sal\u00e1rio m\u00ednimo por pessoa;<\/p>\n<p>\u2022 Ser idoso ou deficiente que recebe o Benef\u00edcio da Presta\u00e7\u00e3o Continuada (BPC) com renda mensal por pessoa, inferior a um quarto do sal\u00e1rio m\u00ednimo;<\/p>\n<p>\u2022 Fam\u00edlias inscritas no Cad\u00danico que tenha portador de doen\u00e7a que necessite de aparelhos ligados \u00e0 energia el\u00e9trica de forma continuada, com renda mensal de at\u00e9 3 (tr\u00eas) sal\u00e1rios m\u00ednimos;<\/p>\n<p>\u2022 Fam\u00edlias ind\u00edgenas e quilombolas inscritas no Cadastro \u00danico com renda menor ou igual a meio sal\u00e1rio m\u00ednimo por pessoa da fam\u00edlia ou que possuam, entre seus moradores, algum benefici\u00e1rio do BPC.<\/p>\n<p>Os clientes que se enquadram em um dos crit\u00e9rios acima, tem o N\u00famero de Inscri\u00e7\u00e3o Social (NIS) v\u00e1lido e ainda n\u00e3o s\u00e3o inscritos na Tarifa Social, devem entrar em contato com a Equatorial pela Central de Atendimento 0800 082 0196 ou pelo e-mail: al-comercial@equatorialenergia.com.br para solicitar o cadastro e passar a receber o benef\u00edcio.<\/p>\n<p>&nbsp;<\/p>\n<p><strong>Com Ascom Equatorial<\/strong><\/p>\n<p>&nbsp;<\/p>\n","protected":false},"excerpt":{"rendered":"<p>Nesta segunda-feira (04), a Equatorial Energia Alagoas iniciou uma for\u00e7a-tarefa para refaturar mais de 150 mil contas de luz para aplica\u00e7\u00e3o do desconto de 100% da tarifa de energia prevista na Medida Provis\u00f3ria 950, de 08 de abril do Governo Federal e a isen\u00e7\u00e3o do ICMS conforme Decreto N\u00ba 69.706, de 24 de abril, do &hellip;<\/p>\n","protected":false},"author":1,"featured_media":6079,"comment_status":"open","ping_status":"open","sticky":false,"template":"","format":"standard","meta":{"_jetpack_newsletter_access":"","_jetpack_dont_email_post_to_subs":false,"_jetpack_newsletter_tier_id":0,"_jetpack_memberships_contains_paywalled_content":false,"_jetpack_memberships_contains_paid_content":false,"footnotes":""},"categories":[1],"tags":[],"class_list":["post-6078","post","type-post","status-publish","format-standard","has-post-thumbnail","hentry","category-destaque"],"jetpack_sharing_enabled":true,"jetpack_featured_media_url":"","_links":{"self":[{"href":"https:\/\/www.oparanews.com.br\/index.php\/wp-json\/wp\/v2\/posts\/6078","targetHints":{"allow":["GET"]}}],"collection":[{"href":"https:\/\/www.oparanews.com.br\/index.php\/wp-json\/wp\/v2\/posts"}],"about":[{"href":"https:\/\/www.oparanews.com.br\/index.php\/wp-json\/wp\/v2\/types\/post"}],"author":[{"embeddable":true,"href":"https:\/\/www.oparanews.com.br\/index.php\/wp-json\/wp\/v2\/users\/1"}],"replies":[{"embeddable":true,"href":"https:\/\/www.oparanews.com.br\/index.php\/wp-json\/wp\/v2\/comments?post=6078"}],"version-history":[{"count":0,"href":"https:\/\/www.oparanews.com.br\/index.php\/wp-json\/wp\/v2\/posts\/6078\/revisions"}],"wp:attachment":[{"href":"https:\/\/www.oparanews.com.br\/index.php\/wp-json\/wp\/v2\/media?parent=6078"}],"wp:term":[{"taxonomy":"category","embeddable":true,"href":"https:\/\/www.oparanews.com.br\/index.php\/wp-json\/wp\/v2\/categories?post=6078"},{"taxonomy":"post_tag","embeddable":true,"href":"https:\/\/www.oparanews.com.br\/index.php\/wp-json\/wp\/v2\/tags?post=6078"}],"curies":[{"name":"wp","href":"https:\/\/api.w.org\/{rel}","templated":true}]}}