{"id":6081,"date":"2020-05-05T20:03:23","date_gmt":"2020-05-05T20:03:23","guid":{"rendered":"https:\/\/oparanews.com.br\/?p=6081"},"modified":"2020-05-05T20:03:23","modified_gmt":"2020-05-05T20:03:23","slug":"edital-da-saude-vai-contratar-300-profissionais-para-o-hospital-metropolitano","status":"publish","type":"post","link":"https:\/\/www.oparanews.com.br\/index.php\/2020\/05\/05\/edital-da-saude-vai-contratar-300-profissionais-para-o-hospital-metropolitano\/","title":{"rendered":"Edital da Sa\u00fade vai contratar 300 profissionais para o Hospital Metropolitano"},"content":{"rendered":"<p>A Secretaria de Estado da Sa\u00fade (Sesau) publica, at\u00e9 quarta-feira (6), o edital de chamamento p\u00fablico emergencial para a contrata\u00e7\u00e3o de enfermeiros e t\u00e9cnicos de enfermagem destinados ao Hospital Metropolitano, na parte alta de Macei\u00f3. A entrega do novo hospital foi antecipada pelo Governo do Estado, em decorr\u00eancia da pandemia de Covid-19, e est\u00e1 marcada para o dia 15 de maio.<\/p>\n<p>De acordo com o gerente executivo de Valoriza\u00e7\u00e3o de Pessoas da Sesau, R\u00f3bson Jos\u00e9 da Silva, a previs\u00e3o \u00e9 de que sejam contratados 100 enfermeiros e 200 t\u00e9cnicos de enfermagem com chamamento imediato ao trabalho. A sele\u00e7\u00e3o ser\u00e1 feita por meio da an\u00e1lise curricular dos candidatos.<\/p>\n<p>\u201cEstamos trabalhando na elabora\u00e7\u00e3o do edital, que deve ficar pronto na ter\u00e7a-feira e ser publicado at\u00e9 a pr\u00f3xima quarta-feira\u201d, revelou R\u00f3bson da Silva. Ele explica que o chamamento p\u00fablico emergencial vai acontecer nos moldes dos outros dois j\u00e1 realizados pela Sesau em abril para a contrata\u00e7\u00e3o de profissionais da \u00e1rea da sa\u00fade e assistentes sociais.<\/p>\n<p>\u201cSer\u00e1 nos mesmos moldes, entretanto, vamos aperfei\u00e7oar este chamamento, principalmente no tocante \u00e0s inscri\u00e7\u00f5es, que tamb\u00e9m v\u00e3o ocorrer on-line, no site da Sesau, onde ser\u00e1 publicado o edital\u201d, informou.<\/p>\n<p>Metropolitano<\/p>\n<p>A entrega antecipada do Hospital Metropolitano, no dia 15 de maio, \u00e9 um refor\u00e7o significativo para a estrutura da rede de sa\u00fade p\u00fablica de Alagoas, diante do enfrentamento da pandemia e da eleva\u00e7\u00e3o dos n\u00fameros de casos da Covid-19 no estado. \u201cTrata-se de um hospital 100% novo, o nosso maior investimento em sa\u00fade p\u00fablica da hist\u00f3ria e que est\u00e1 ficando lindo. Gra\u00e7as a Deus, o Metropolitano ficou pronto j\u00e1 agora para nos ajudar a enfrentar a pandemia\u201d, destacou o governador Renan Filho.<\/p>\n<p>O Hospital Metropolitano ter\u00e1, neste momento, 160 leitos exclusivos para tratamento da Covdi-19, sendo 130 cl\u00ednicos e 30 de UTI (Unidade de Terapia Intensiva). Com investimento de R$ 80 milh\u00f5es em recursos pr\u00f3prios, o equipamento de sa\u00fade possui seis pavimentos e 15 alas. Ter\u00e1 capacidade para realizar 10.300 atendimentos mensais quando estiver operando por completo.<\/p>\n<p>\u201cEstamos acelerando, tamb\u00e9m, para entregar o quanto antes, as obras de dois hospitais regionais: um na Zona da Mata, em Uni\u00e3o dos Palmares; e outro no Norte de Alagoas, em Porto Calvo. Ambos est\u00e3o quase prontos. Esses s\u00e3o equipamentos fundamentais para que Alagoas tenha uma condi\u00e7\u00e3o diferenciada de outros estados do Brasil no enfrentamento da pandemia\u201d, disse Renan Filho.<\/p>\n<p>&nbsp;<\/p>\n<p><strong>Fonte: Ag\u00eancia Alagoas<\/strong><\/p>\n<p>&nbsp;<\/p>\n","protected":false},"excerpt":{"rendered":"<p>A Secretaria de Estado da Sa\u00fade (Sesau) publica, at\u00e9 quarta-feira (6), o edital de chamamento p\u00fablico emergencial para a contrata\u00e7\u00e3o de enfermeiros e t\u00e9cnicos de enfermagem destinados ao Hospital Metropolitano, na parte alta de Macei\u00f3. A entrega do novo hospital foi antecipada pelo Governo do Estado, em decorr\u00eancia da pandemia de Covid-19, e est\u00e1 marcada &hellip;<\/p>\n","protected":false},"author":1,"featured_media":6082,"comment_status":"open","ping_status":"open","sticky":false,"template":"","format":"standard","meta":{"_jetpack_newsletter_access":"","_jetpack_dont_email_post_to_subs":false,"_jetpack_newsletter_tier_id":0,"_jetpack_memberships_contains_paywalled_content":false,"_jetpack_memberships_contains_paid_content":false,"footnotes":""},"categories":[1],"tags":[],"class_list":["post-6081","post","type-post","status-publish","format-standard","has-post-thumbnail","hentry","category-destaque"],"jetpack_sharing_enabled":true,"jetpack_featured_media_url":"","_links":{"self":[{"href":"https:\/\/www.oparanews.com.br\/index.php\/wp-json\/wp\/v2\/posts\/6081","targetHints":{"allow":["GET"]}}],"collection":[{"href":"https:\/\/www.oparanews.com.br\/index.php\/wp-json\/wp\/v2\/posts"}],"about":[{"href":"https:\/\/www.oparanews.com.br\/index.php\/wp-json\/wp\/v2\/types\/post"}],"author":[{"embeddable":true,"href":"https:\/\/www.oparanews.com.br\/index.php\/wp-json\/wp\/v2\/users\/1"}],"replies":[{"embeddable":true,"href":"https:\/\/www.oparanews.com.br\/index.php\/wp-json\/wp\/v2\/comments?post=6081"}],"version-history":[{"count":0,"href":"https:\/\/www.oparanews.com.br\/index.php\/wp-json\/wp\/v2\/posts\/6081\/revisions"}],"wp:attachment":[{"href":"https:\/\/www.oparanews.com.br\/index.php\/wp-json\/wp\/v2\/media?parent=6081"}],"wp:term":[{"taxonomy":"category","embeddable":true,"href":"https:\/\/www.oparanews.com.br\/index.php\/wp-json\/wp\/v2\/categories?post=6081"},{"taxonomy":"post_tag","embeddable":true,"href":"https:\/\/www.oparanews.com.br\/index.php\/wp-json\/wp\/v2\/tags?post=6081"}],"curies":[{"name":"wp","href":"https:\/\/api.w.org\/{rel}","templated":true}]}}