{"id":6084,"date":"2020-05-06T01:16:38","date_gmt":"2020-05-06T01:16:38","guid":{"rendered":"https:\/\/oparanews.com.br\/?p=6084"},"modified":"2020-05-06T01:16:38","modified_gmt":"2020-05-06T01:16:38","slug":"governo-proibe-acesso-a-orla-e-prorroga-suspensao-de-aulas-ate-31-de-maio","status":"publish","type":"post","link":"https:\/\/www.oparanews.com.br\/index.php\/2020\/05\/06\/governo-proibe-acesso-a-orla-e-prorroga-suspensao-de-aulas-ate-31-de-maio\/","title":{"rendered":"Governo pro\u00edbe acesso \u00e0 orla e prorroga suspens\u00e3o de aulas at\u00e9 31 de maio"},"content":{"rendered":"<p>O novo decreto estadual de emerg\u00eancia, que determina medidas restritivas para reduzir o cont\u00e1gio pelo novo coronav\u00edrus em Alagoas, foi detalhado em uma live na internet pelo governador Renan Filho (MDB). As novas regras passam a valer a partir de quarta-feira (6).<\/p>\n<p>Entre as principais novidades est\u00e3o a prorroga\u00e7\u00e3o da suspens\u00e3o das aulas presenciais at\u00e9 o dia 31 de maio e a proibi\u00e7\u00e3o do acesso ou perman\u00eancia em espa\u00e7os p\u00fablicos, como o cal\u00e7ad\u00e3o da orla de Macei\u00f3, praias, lagoas, pra\u00e7as, parques e avenidas. As medidas restritivas do decreto anterior continuam valendo, mas agora com prazo at\u00e9 o dia 20 de maio.<\/p>\n<p>&#8220;\u00c9 uma das novidades desse decreto, vamos suspender caminhadas em cal\u00e7ad\u00e3o em orla de praia, em alamedas e avenidas da capital e do interior para que a gente reduza o ritmo de cont\u00e1gio&#8221;, disse o governador Renan Filho.<\/p>\n<p>Al\u00e9m disso, fica determinado que o cidad\u00e3o que for diagnosticado com Covid-19 ou tiver voltado recentemente de viagem e n\u00e3o cumprir o isolamento domiciliar de 14 dias, como j\u00e1 estava determinado nos decretos anteriores, vai passar a responder criminalmente.<\/p>\n<p>&#8220;O descumprimento para caso suspeito, confirmado ou de pessoas que retornem de viagens vai ser apurado como crime contra a sa\u00fade p\u00fablica&#8221;, afirmou Renan Filho.<\/p>\n<p><strong>Veja abaixo as principais medidas do novo decreto:<\/strong><\/p>\n<p>* M\u00e1scaras nas ruas: passa a ser obrigat\u00f3rio em todo o estado o uso de m\u00e1scaras por qualquer pessoa que precise sair de casa, inclusive nos transportes p\u00fablicos.<\/p>\n<p>* Lojas e estabelecimentos de primeira necessidade: fica permitido o funcionamento dos servi\u00e7os considerados essenciais, mas com apenas 50% da sua capacidade. Sendo obrigat\u00f3rio o uso de m\u00e1scaras para todos os funcion\u00e1rios e clientes.<\/p>\n<p>* \u00d4nibus: o transporte p\u00fablico, como os \u00f4nibus, s\u00f3 poder\u00e1 rodar com passageiros sentados, devendo respeitar o limite da capacidade de assentos. Todo passageiro tamb\u00e9m deve estar utilizando m\u00e1scaras. A fiscaliza\u00e7\u00e3o ser\u00e1 feita pela Pol\u00edcia Militar e a empresa que descumprir pode ser multada.<\/p>\n<p>* Gratuidade para idosos nos transportes p\u00fablicos: idosos s\u00f3 poder\u00e3o utilizar a gratuidade nos transportes p\u00fablicos se comprovarem que v\u00e3o para tratamento de sa\u00fade. A medida \u00e9 para proteger os integrantes do grupo de maior risco.<\/p>\n<p>* Espa\u00e7os p\u00fablicos: fica vedado o acesso a praias, cal\u00e7ad\u00f5es, avenidas, alamedas, beira de rio, a perman\u00eancia ou a pr\u00e1tica de qualquer atividade f\u00edsica na orla, em ruas e logradouros p\u00fablicos para evitar aglomera\u00e7\u00f5es.<\/p>\n<p>* Estacionamento na orla: o novo decreto tamb\u00e9m pro\u00edbe o estacionamento de ve\u00edculos em faixas \u00e0 beira mar ou lagoa, ressalvando os moradores dessas regi\u00f5es.<\/p>\n<p>* Servidores p\u00fablicos e aulas presenciais: o regime de teletrabalho e a suspens\u00e3o das aulas presenciais em todo o estado ficam prorrogados at\u00e9 o dia 31 de maio.<\/p>\n<p>* Ag\u00eancias banc\u00e1rias: governo e prefeituras v\u00e3o colaborar para que o funcionamento do banco seja mais bem disciplinado, especialmente a CAIXA, em virtude do aux\u00edlio emergencial. Ser\u00e3o criadas estrat\u00e9gias de distanciamento, obrigatoriedade de m\u00e1scaras e implanta\u00e7\u00e3o toldos nas cal\u00e7adas pr\u00f3ximas para quem estiver nas filas.<\/p>\n<p>* Crime contra a sa\u00fade p\u00fablica: quem for diagnosticado com Covid-19 ou retornar de viagem e n\u00e3o cumprir o isolamento domiciliar de 14 dias vai responder por crime contra a sa\u00fade p\u00fablica.<\/p>\n<p>&nbsp;<\/p>\n<p><strong>Fonte: G1\/AL<\/strong><\/p>\n<p>&nbsp;<\/p>\n","protected":false},"excerpt":{"rendered":"<p>O novo decreto estadual de emerg\u00eancia, que determina medidas restritivas para reduzir o cont\u00e1gio pelo novo coronav\u00edrus em Alagoas, foi detalhado em uma live na internet pelo governador Renan Filho (MDB). As novas regras passam a valer a partir de quarta-feira (6). Entre as principais novidades est\u00e3o a prorroga\u00e7\u00e3o da suspens\u00e3o das aulas presenciais at\u00e9 &hellip;<\/p>\n","protected":false},"author":1,"featured_media":6085,"comment_status":"open","ping_status":"open","sticky":false,"template":"","format":"standard","meta":{"_jetpack_newsletter_access":"","_jetpack_dont_email_post_to_subs":false,"_jetpack_newsletter_tier_id":0,"_jetpack_memberships_contains_paywalled_content":false,"_jetpack_memberships_contains_paid_content":false,"footnotes":""},"categories":[1],"tags":[],"class_list":["post-6084","post","type-post","status-publish","format-standard","has-post-thumbnail","hentry","category-destaque"],"jetpack_sharing_enabled":true,"jetpack_featured_media_url":"","_links":{"self":[{"href":"https:\/\/www.oparanews.com.br\/index.php\/wp-json\/wp\/v2\/posts\/6084","targetHints":{"allow":["GET"]}}],"collection":[{"href":"https:\/\/www.oparanews.com.br\/index.php\/wp-json\/wp\/v2\/posts"}],"about":[{"href":"https:\/\/www.oparanews.com.br\/index.php\/wp-json\/wp\/v2\/types\/post"}],"author":[{"embeddable":true,"href":"https:\/\/www.oparanews.com.br\/index.php\/wp-json\/wp\/v2\/users\/1"}],"replies":[{"embeddable":true,"href":"https:\/\/www.oparanews.com.br\/index.php\/wp-json\/wp\/v2\/comments?post=6084"}],"version-history":[{"count":0,"href":"https:\/\/www.oparanews.com.br\/index.php\/wp-json\/wp\/v2\/posts\/6084\/revisions"}],"wp:attachment":[{"href":"https:\/\/www.oparanews.com.br\/index.php\/wp-json\/wp\/v2\/media?parent=6084"}],"wp:term":[{"taxonomy":"category","embeddable":true,"href":"https:\/\/www.oparanews.com.br\/index.php\/wp-json\/wp\/v2\/categories?post=6084"},{"taxonomy":"post_tag","embeddable":true,"href":"https:\/\/www.oparanews.com.br\/index.php\/wp-json\/wp\/v2\/tags?post=6084"}],"curies":[{"name":"wp","href":"https:\/\/api.w.org\/{rel}","templated":true}]}}