{"id":6087,"date":"2020-05-06T01:21:51","date_gmt":"2020-05-06T01:21:51","guid":{"rendered":"https:\/\/oparanews.com.br\/?p=6087"},"modified":"2020-05-06T01:21:51","modified_gmt":"2020-05-06T01:21:51","slug":"sobe-para-3-o-numero-de-casos-confirmados-de-covid-19-em-penedo","status":"publish","type":"post","link":"https:\/\/www.oparanews.com.br\/index.php\/2020\/05\/06\/sobe-para-3-o-numero-de-casos-confirmados-de-covid-19-em-penedo\/","title":{"rendered":"Sobe para 3 o n\u00famero de casos confirmados de Covid-19 em Penedo"},"content":{"rendered":"<p><a href=\"https:\/\/oparanews.com.br\/wp-content\/uploads\/2020\/05\/Sem-t\u00edtulo22222-16.jpg\"><img loading=\"lazy\" decoding=\"async\" class=\"alignleft size-medium wp-image-6088\" src=\"https:\/\/oparanews.com.br\/wp-content\/uploads\/2020\/05\/Sem-t\u00edtulo22222-16-254x300.jpg\" alt=\"\" width=\"254\" height=\"300\" \/><\/a>Passa para tr\u00eas o n\u00famero de casos confirmados de Covid-19 em Penedo. O aumento registrado de ontem (segunda-feira, 04) para hoje foi repassado pela Secretaria de Estado da Sa\u00fade (Sesau).<\/p>\n<p>Al\u00e9m do novo caso, Penedo passou a ter uma pessoa com suspeita de cont\u00e1gio pelo coronav\u00edrus, conforme consta no boletim divulgado nesta ter\u00e7a-feira, 05 de maio. J\u00e1 os casos descartados (06) e monitorados (40) permanecem iguais aos de ontem.<\/p>\n<p>O acompanhamento de pessoas com s\u00edndrome gripal tamb\u00e9m registrou o aumento de um caso, passado de 37 para 38, nas \u00faltimas 24 horas.<\/p>\n<p><strong>SOS Covid<\/strong><\/p>\n<p>Os informes passados ao SOS Covid-19, contato da Secretaria Municipal de Sa\u00fade exclusivo pelo Whatsapp (99912-3351) para tirar d\u00favidas e receber orienta\u00e7\u00f5es sobre o coronav\u00edrus, recebeu 269 demandas.<\/p>\n<p>Em Alagoas, 80 mortes causados pela Covi-19 j\u00e1 foram registradas at\u00e9 hoje. A Sesau informa ainda 1.695 casos confirmados, 376 recuperados e 1.038 suspeitos.<\/p>\n<p>&nbsp;<\/p>\n<p><strong>por Fernando Vin\u00edcius \u2013 Decom PMP<\/strong><\/p>\n<p>&nbsp;<\/p>\n","protected":false},"excerpt":{"rendered":"<p>Passa para tr\u00eas o n\u00famero de casos confirmados de Covid-19 em Penedo. O aumento registrado de ontem (segunda-feira, 04) para hoje foi repassado pela Secretaria de Estado da Sa\u00fade (Sesau). Al\u00e9m do novo caso, Penedo passou a ter uma pessoa com suspeita de cont\u00e1gio pelo coronav\u00edrus, conforme consta no boletim divulgado nesta ter\u00e7a-feira, 05 de &hellip;<\/p>\n","protected":false},"author":1,"featured_media":6089,"comment_status":"open","ping_status":"open","sticky":false,"template":"","format":"standard","meta":{"_jetpack_newsletter_access":"","_jetpack_dont_email_post_to_subs":false,"_jetpack_newsletter_tier_id":0,"_jetpack_memberships_contains_paywalled_content":false,"_jetpack_memberships_contains_paid_content":false,"footnotes":""},"categories":[1],"tags":[],"class_list":["post-6087","post","type-post","status-publish","format-standard","has-post-thumbnail","hentry","category-destaque"],"jetpack_sharing_enabled":true,"jetpack_featured_media_url":"","_links":{"self":[{"href":"https:\/\/www.oparanews.com.br\/index.php\/wp-json\/wp\/v2\/posts\/6087","targetHints":{"allow":["GET"]}}],"collection":[{"href":"https:\/\/www.oparanews.com.br\/index.php\/wp-json\/wp\/v2\/posts"}],"about":[{"href":"https:\/\/www.oparanews.com.br\/index.php\/wp-json\/wp\/v2\/types\/post"}],"author":[{"embeddable":true,"href":"https:\/\/www.oparanews.com.br\/index.php\/wp-json\/wp\/v2\/users\/1"}],"replies":[{"embeddable":true,"href":"https:\/\/www.oparanews.com.br\/index.php\/wp-json\/wp\/v2\/comments?post=6087"}],"version-history":[{"count":0,"href":"https:\/\/www.oparanews.com.br\/index.php\/wp-json\/wp\/v2\/posts\/6087\/revisions"}],"wp:attachment":[{"href":"https:\/\/www.oparanews.com.br\/index.php\/wp-json\/wp\/v2\/media?parent=6087"}],"wp:term":[{"taxonomy":"category","embeddable":true,"href":"https:\/\/www.oparanews.com.br\/index.php\/wp-json\/wp\/v2\/categories?post=6087"},{"taxonomy":"post_tag","embeddable":true,"href":"https:\/\/www.oparanews.com.br\/index.php\/wp-json\/wp\/v2\/tags?post=6087"}],"curies":[{"name":"wp","href":"https:\/\/api.w.org\/{rel}","templated":true}]}}