{"id":6091,"date":"2020-05-06T02:32:29","date_gmt":"2020-05-06T02:32:29","guid":{"rendered":"https:\/\/oparanews.com.br\/?p=6091"},"modified":"2020-05-06T02:32:29","modified_gmt":"2020-05-06T02:32:29","slug":"ministerio-muda-previsao-e-espera-pico-entre-maio-e-julho","status":"publish","type":"post","link":"https:\/\/www.oparanews.com.br\/index.php\/2020\/05\/06\/ministerio-muda-previsao-e-espera-pico-entre-maio-e-julho\/","title":{"rendered":"Minist\u00e9rio muda previs\u00e3o e espera pico &#8220;entre maio e julho&#8221;"},"content":{"rendered":"<p>O secret\u00e1rio de vigil\u00e2ncia em sa\u00fade do Minist\u00e9rio da Sa\u00fade, Wanderson de Oliveira, disse que ainda n\u00e3o h\u00e1 informa\u00e7\u00f5es dispon\u00edveis para afirmar quando, efetivamente, ocorrer\u00e1 o pico dos casos de contamina\u00e7\u00e3o e mortes pela covid-19 nos cinco Estados mais afetados pela doen\u00e7a no Pa\u00eds: S\u00e3o Paulo, Rio de Janeiro, Cear\u00e1, Pernambuco e Amazonas.<\/p>\n<p>Questionado pelo assunto, Oliveira disse que a curva de crescimento de casos aponta que o comportamento do v\u00edrus tem variado entre esses Estados e que a \u00fanica informa\u00e7\u00e3o que pode garantir hoje \u00e9 que o per\u00edodo mais cr\u00edtico da doen\u00e7a ser\u00e1 conhecido entre maio, junho e julho.<\/p>\n<p>&#8220;Quando n\u00f3s avaliamos o n\u00famero de \u00f3bito, \u00e9 uma conclus\u00e3o de duas, tr\u00eas semanas atr\u00e1s. A situa\u00e7\u00e3o no Amazonas, Cear\u00e1 e Pernambuco seguem uma tend\u00eancia de padr\u00e3o muito similar, de doen\u00e7as respirat\u00f3rias nessas regi\u00f5es&#8221;, disse Oliveira. S\u00e3o Paulo e Rio j\u00e1 apresentam padr\u00f5es mais distintos. N\u00e3o posso dizer quando seria o pico da pandemia&#8221;, comentou.<\/p>\n<p>At\u00e9 mar\u00e7o, o Minist\u00e9rio da Sa\u00fade afirmava para o Pa\u00eds se preparar para um pico da doen\u00e7a entre o fim de abril e in\u00edcio de maio. O fato \u00e9 que esse per\u00edodo chegou e os casos e mortes est\u00e3o em franco crescimento. Estados como Maranh\u00e3o e Par\u00e1, que n\u00e3o figuram entre os cinco mais afetados, est\u00e3o com medidas de fechamento total (lockdown) em andamento. Os Estados mais afetados est\u00e3o ampliando suas medidas de restri\u00e7\u00e3o de circula\u00e7\u00e3o de pessoas.<\/p>\n<p>&#8220;Ainda n\u00e3o d\u00e1 pra dizer quando chegaria o pico da crise. O isolamento social reduz a curva de casos. Ainda n\u00e3o sabemos em que data exata isso ocorrer\u00e1. O que posso dizer \u00e9 que ser\u00e1 entre maio, junho e julho, n\u00e3o tenho duvida&#8221;, disse.<\/p>\n<p>&nbsp;<\/p>\n<p><strong>Fonte: Terra<\/strong><\/p>\n<p>&nbsp;<\/p>\n","protected":false},"excerpt":{"rendered":"<p>O secret\u00e1rio de vigil\u00e2ncia em sa\u00fade do Minist\u00e9rio da Sa\u00fade, Wanderson de Oliveira, disse que ainda n\u00e3o h\u00e1 informa\u00e7\u00f5es dispon\u00edveis para afirmar quando, efetivamente, ocorrer\u00e1 o pico dos casos de contamina\u00e7\u00e3o e mortes pela covid-19 nos cinco Estados mais afetados pela doen\u00e7a no Pa\u00eds: S\u00e3o Paulo, Rio de Janeiro, Cear\u00e1, Pernambuco e Amazonas. Questionado pelo &hellip;<\/p>\n","protected":false},"author":1,"featured_media":6092,"comment_status":"open","ping_status":"open","sticky":false,"template":"","format":"standard","meta":{"_jetpack_newsletter_access":"","_jetpack_dont_email_post_to_subs":false,"_jetpack_newsletter_tier_id":0,"_jetpack_memberships_contains_paywalled_content":false,"_jetpack_memberships_contains_paid_content":false,"footnotes":""},"categories":[1],"tags":[],"class_list":["post-6091","post","type-post","status-publish","format-standard","has-post-thumbnail","hentry","category-destaque"],"jetpack_sharing_enabled":true,"jetpack_featured_media_url":"","_links":{"self":[{"href":"https:\/\/www.oparanews.com.br\/index.php\/wp-json\/wp\/v2\/posts\/6091","targetHints":{"allow":["GET"]}}],"collection":[{"href":"https:\/\/www.oparanews.com.br\/index.php\/wp-json\/wp\/v2\/posts"}],"about":[{"href":"https:\/\/www.oparanews.com.br\/index.php\/wp-json\/wp\/v2\/types\/post"}],"author":[{"embeddable":true,"href":"https:\/\/www.oparanews.com.br\/index.php\/wp-json\/wp\/v2\/users\/1"}],"replies":[{"embeddable":true,"href":"https:\/\/www.oparanews.com.br\/index.php\/wp-json\/wp\/v2\/comments?post=6091"}],"version-history":[{"count":0,"href":"https:\/\/www.oparanews.com.br\/index.php\/wp-json\/wp\/v2\/posts\/6091\/revisions"}],"wp:attachment":[{"href":"https:\/\/www.oparanews.com.br\/index.php\/wp-json\/wp\/v2\/media?parent=6091"}],"wp:term":[{"taxonomy":"category","embeddable":true,"href":"https:\/\/www.oparanews.com.br\/index.php\/wp-json\/wp\/v2\/categories?post=6091"},{"taxonomy":"post_tag","embeddable":true,"href":"https:\/\/www.oparanews.com.br\/index.php\/wp-json\/wp\/v2\/tags?post=6091"}],"curies":[{"name":"wp","href":"https:\/\/api.w.org\/{rel}","templated":true}]}}