{"id":6094,"date":"2020-05-06T02:35:23","date_gmt":"2020-05-06T02:35:23","guid":{"rendered":"https:\/\/oparanews.com.br\/?p=6094"},"modified":"2020-05-06T02:35:23","modified_gmt":"2020-05-06T02:35:23","slug":"brasil-registra-600-mortes-em-24-horas-e-bate-novo-recorde","status":"publish","type":"post","link":"https:\/\/www.oparanews.com.br\/index.php\/2020\/05\/06\/brasil-registra-600-mortes-em-24-horas-e-bate-novo-recorde\/","title":{"rendered":"Brasil registra 600 mortes em 24 horas e bate novo recorde"},"content":{"rendered":"<p>O Brasil registrou 600 mortes decorrentes do novo coronav\u00edrus nas \u00faltimas 24 horas. Trata-se do maior n\u00famero de mortes por covid-19 registrado em um \u00fanico dia desde o primeiro \u00f3bito pela doen\u00e7a no Pa\u00eds. Com isso, o total oficial de v\u00edtimas do novo coronav\u00edrus no Brasil subiu de 7.321 para 7.921. As informa\u00e7\u00f5es s\u00e3o de atualiza\u00e7\u00e3o feita pelo Minist\u00e9rio da Sa\u00fade nesta ter\u00e7a-feira, 5.<\/p>\n<p>De acordo com os dados dispon\u00edveis, o n\u00famero total de casos confirmados da covid-19 subiu de 107.780 para 114.715 , um acr\u00e9scimo de 6.935 casos entre segunda-feira, 4, e hoje.<\/p>\n<p>O secret\u00e1rio de vigil\u00e2ncia em sa\u00fade do Minist\u00e9rio da Sa\u00fade, Wanderson de Oliveira, afirmou que o n\u00famero de mortes, apesar de recorde, traz dados de \u00f3bitos ocorridos em dias anteriores, mas que estavam sendo investigados para ter a confirma\u00e7\u00e3o ou n\u00e3o de que se tratava de covid-19. \u00c9 fato, por\u00e9m, que isso tem ocorrido desde o in\u00edcio da pandemia. Portanto, o dado divulgado diz respeito ao recorde de registros oficialmente comunicados pelo Minist\u00e9rio da Sa\u00fade a cada dia.<\/p>\n<p>S\u00e3o Paulo, Rio de Janeiro, Cear\u00e1, Pernambuco e Amazonas continuam a ser os cinco Estados mais impactados pela covid-19 em todo o Pa\u00eds. Em mar\u00e7o, o Minist\u00e9rio da Sa\u00fade afirma que o pico das transmiss\u00f5es e mortes pelo coronav\u00edrus se concentraria entre o fim de abril e in\u00edcio de maio, ou seja, estes locais j\u00e1 estariam vivendo essa situa\u00e7\u00e3o, conforme previsto um m\u00eas atr\u00e1s.<\/p>\n<p>As dificuldades enfrentadas pelo governo para fazer um teste em massa da popula\u00e7\u00e3o, ainda que concentrado em determinadas capitais, impedem que se tenha uma avalia\u00e7\u00e3o mais detalhada da situa\u00e7\u00e3o. No m\u00eas passado, o pr\u00f3prio Minist\u00e9rio da Sa\u00fade havia ponderado que o pico da doen\u00e7a dava sinais de que poderia se estender por maio e entrar em junho. O fato \u00e9 que a doen\u00e7a avan\u00e7a no Brasil de forma constante, mas n\u00e3o uniforme, conforme o Estado de S. Paulo.<\/p>\n<p>&nbsp;<\/p>\n<p><strong>Fonte: Terra<\/strong><\/p>\n<p>&nbsp;<\/p>\n","protected":false},"excerpt":{"rendered":"<p>O Brasil registrou 600 mortes decorrentes do novo coronav\u00edrus nas \u00faltimas 24 horas. Trata-se do maior n\u00famero de mortes por covid-19 registrado em um \u00fanico dia desde o primeiro \u00f3bito pela doen\u00e7a no Pa\u00eds. Com isso, o total oficial de v\u00edtimas do novo coronav\u00edrus no Brasil subiu de 7.321 para 7.921. As informa\u00e7\u00f5es s\u00e3o de &hellip;<\/p>\n","protected":false},"author":1,"featured_media":6095,"comment_status":"open","ping_status":"open","sticky":false,"template":"","format":"standard","meta":{"_jetpack_newsletter_access":"","_jetpack_dont_email_post_to_subs":false,"_jetpack_newsletter_tier_id":0,"_jetpack_memberships_contains_paywalled_content":false,"_jetpack_memberships_contains_paid_content":false,"footnotes":""},"categories":[1],"tags":[],"class_list":["post-6094","post","type-post","status-publish","format-standard","has-post-thumbnail","hentry","category-destaque"],"jetpack_sharing_enabled":true,"jetpack_featured_media_url":"","_links":{"self":[{"href":"https:\/\/www.oparanews.com.br\/index.php\/wp-json\/wp\/v2\/posts\/6094","targetHints":{"allow":["GET"]}}],"collection":[{"href":"https:\/\/www.oparanews.com.br\/index.php\/wp-json\/wp\/v2\/posts"}],"about":[{"href":"https:\/\/www.oparanews.com.br\/index.php\/wp-json\/wp\/v2\/types\/post"}],"author":[{"embeddable":true,"href":"https:\/\/www.oparanews.com.br\/index.php\/wp-json\/wp\/v2\/users\/1"}],"replies":[{"embeddable":true,"href":"https:\/\/www.oparanews.com.br\/index.php\/wp-json\/wp\/v2\/comments?post=6094"}],"version-history":[{"count":0,"href":"https:\/\/www.oparanews.com.br\/index.php\/wp-json\/wp\/v2\/posts\/6094\/revisions"}],"wp:attachment":[{"href":"https:\/\/www.oparanews.com.br\/index.php\/wp-json\/wp\/v2\/media?parent=6094"}],"wp:term":[{"taxonomy":"category","embeddable":true,"href":"https:\/\/www.oparanews.com.br\/index.php\/wp-json\/wp\/v2\/categories?post=6094"},{"taxonomy":"post_tag","embeddable":true,"href":"https:\/\/www.oparanews.com.br\/index.php\/wp-json\/wp\/v2\/tags?post=6094"}],"curies":[{"name":"wp","href":"https:\/\/api.w.org\/{rel}","templated":true}]}}