{"id":6097,"date":"2020-05-06T02:45:02","date_gmt":"2020-05-06T02:45:02","guid":{"rendered":"https:\/\/oparanews.com.br\/?p=6097"},"modified":"2020-05-06T02:45:02","modified_gmt":"2020-05-06T02:45:02","slug":"estudo-aponta-brasil-como-novo-epicentro-global-do-coronavirus","status":"publish","type":"post","link":"https:\/\/www.oparanews.com.br\/index.php\/2020\/05\/06\/estudo-aponta-brasil-como-novo-epicentro-global-do-coronavirus\/","title":{"rendered":"Covid-19: Estudo aponta Brasil como novo epicentro global"},"content":{"rendered":"<p>Diante de casos subnotificados de covid-19, o total de infectados por coronav\u00edrus no Brasil, at\u00e9 ontem, poderia ser de 1.657.752, segundo um estudo publicado pela Faculdade de Medicina de Ribeir\u00e3o Preto da USP (Universidade de S\u00e3o Paulo). O n\u00famero prev\u00ea uma varia\u00e7\u00e3o de casos para mais ou para menos, considerando 1.345.034 casos no melhor cen\u00e1rio e 2.021.177 no pior. Os valores s\u00e3o muito al\u00e9m dos 114.715 casos oficiais divulgados hoje pelo Minist\u00e9rio da Sa\u00fade.<\/p>\n<p>Em entrevista ao Wall Street Journal, Domingos Alves, um dos pesquisadores envolvidos no estudo, disse que os n\u00fameros apontam o Brasil como &#8220;epicentro global do coronav\u00edrus&#8221;. Atualmente, os Estados Unidos s\u00e3o considerados o epicentro mundial, com 1.171.510 casos oficiais confirmados at\u00e9 esta tarde, segundo o CDC (Centro para Controle e Preven\u00e7\u00e3o de Doen\u00e7as dos EUA). A estimativa brasileira \u00e9 feita a partir da taxa de letalidade da covid-19 na Coreia do Sul, pa\u00eds que est\u00e1 testando a popula\u00e7\u00e3o em massa \u2014 diferentemente do Brasil, que v\u00eam aplicando testes apenas em casos graves.<\/p>\n<p>Usando o \u00edndice sul-coreano como base, o estudo adaptou a taxa de letalidade e a redistribuiu pelas faixas et\u00e1rias brasileiras, chegando a 1,11% da taxa esperada. &#8220;A taxa de Letalidade dos Casos ajustada representa uma taxa de letalidade mais real ajustando o c\u00e1lculo da taxa pelo tempo m\u00e9dio entre a confirma\u00e7\u00e3o do caso e o \u00f3bito, de 10 dias&#8221;, diz um trecho da pesquisa. A an\u00e1lise pode ser conferida por completo atrav\u00e9s deste link. J\u00e1 a metodologia do estudo pode ser <a href=\"https:\/\/ciis.fmrp.usp.br\/covid19\/estimativa-de-populacao-infectada\/\"><strong>consultada aqui<\/strong><\/a>.<\/p>\n<p>&nbsp;<\/p>\n<p><strong>Fonte: UOL<\/strong><\/p>\n<p>&nbsp;<\/p>\n","protected":false},"excerpt":{"rendered":"<p>Diante de casos subnotificados de covid-19, o total de infectados por coronav\u00edrus no Brasil, at\u00e9 ontem, poderia ser de 1.657.752, segundo um estudo publicado pela Faculdade de Medicina de Ribeir\u00e3o Preto da USP (Universidade de S\u00e3o Paulo). O n\u00famero prev\u00ea uma varia\u00e7\u00e3o de casos para mais ou para menos, considerando 1.345.034 casos no melhor cen\u00e1rio &hellip;<\/p>\n","protected":false},"author":1,"featured_media":6098,"comment_status":"open","ping_status":"open","sticky":false,"template":"","format":"standard","meta":{"_jetpack_newsletter_access":"","_jetpack_dont_email_post_to_subs":false,"_jetpack_newsletter_tier_id":0,"_jetpack_memberships_contains_paywalled_content":false,"_jetpack_memberships_contains_paid_content":false,"footnotes":""},"categories":[1],"tags":[],"class_list":["post-6097","post","type-post","status-publish","format-standard","has-post-thumbnail","hentry","category-destaque"],"jetpack_sharing_enabled":true,"jetpack_featured_media_url":"","_links":{"self":[{"href":"https:\/\/www.oparanews.com.br\/index.php\/wp-json\/wp\/v2\/posts\/6097","targetHints":{"allow":["GET"]}}],"collection":[{"href":"https:\/\/www.oparanews.com.br\/index.php\/wp-json\/wp\/v2\/posts"}],"about":[{"href":"https:\/\/www.oparanews.com.br\/index.php\/wp-json\/wp\/v2\/types\/post"}],"author":[{"embeddable":true,"href":"https:\/\/www.oparanews.com.br\/index.php\/wp-json\/wp\/v2\/users\/1"}],"replies":[{"embeddable":true,"href":"https:\/\/www.oparanews.com.br\/index.php\/wp-json\/wp\/v2\/comments?post=6097"}],"version-history":[{"count":0,"href":"https:\/\/www.oparanews.com.br\/index.php\/wp-json\/wp\/v2\/posts\/6097\/revisions"}],"wp:attachment":[{"href":"https:\/\/www.oparanews.com.br\/index.php\/wp-json\/wp\/v2\/media?parent=6097"}],"wp:term":[{"taxonomy":"category","embeddable":true,"href":"https:\/\/www.oparanews.com.br\/index.php\/wp-json\/wp\/v2\/categories?post=6097"},{"taxonomy":"post_tag","embeddable":true,"href":"https:\/\/www.oparanews.com.br\/index.php\/wp-json\/wp\/v2\/tags?post=6097"}],"curies":[{"name":"wp","href":"https:\/\/api.w.org\/{rel}","templated":true}]}}