{"id":6109,"date":"2020-05-06T18:58:12","date_gmt":"2020-05-06T18:58:12","guid":{"rendered":"https:\/\/oparanews.com.br\/?p=6109"},"modified":"2020-05-06T18:58:12","modified_gmt":"2020-05-06T18:58:12","slug":"edital-preve-compra-de-mais-de-um-milhao-de-mascaras-em-al","status":"publish","type":"post","link":"https:\/\/www.oparanews.com.br\/index.php\/2020\/05\/06\/edital-preve-compra-de-mais-de-um-milhao-de-mascaras-em-al\/","title":{"rendered":"Edital prev\u00ea compra de mais de um milh\u00e3o de m\u00e1scaras em AL"},"content":{"rendered":"<p>Com o objetivo de garantir a manuten\u00e7\u00e3o da atividade e a gera\u00e7\u00e3o de renda entre Micro e Pequenos Empreendedores do ramo de confec\u00e7\u00e3o, o Governo do Estado, por meio da Secretaria do Desenvolvimento Econ\u00f4mico e Turismo (Sedetur) lan\u00e7ou, nesta ter\u00e7a-feira (05), uma chamada p\u00fablica para aquisi\u00e7\u00e3o de mais de 1 milh\u00e3o de m\u00e1scaras de tecido. O produto ser\u00e1 distribu\u00eddo para uso da popula\u00e7\u00e3o em vulnerabilidade social e econ\u00f4mica e entre servidores das \u00e1reas administrativas dos \u00f3rg\u00e3os estaduais.<\/p>\n<p>Conforme publica\u00e7\u00e3o no Di\u00e1rio Oficial do Estado (DOE), poder\u00e3o se inscrever Micro e pequenos empreendedores (MEIs), Micro Empresas (MEs), Empresas de Pequeno Porte (EPPs), Associa\u00e7\u00f5es e Cooperativas do ramo de confec\u00e7\u00e3o.<\/p>\n<p>Intitulado \u2018Prote\u00e7\u00e3o para Todos\u2019, o projeto atua nas frentes econ\u00f4micas e de sa\u00fade p\u00fablica, protegendo a popula\u00e7\u00e3o na preven\u00e7\u00e3o do novo coronav\u00edrus e beneficiando neg\u00f3cios de associa\u00e7\u00f5es e cooperativas na capital e no interior de Alagoas com a venda das m\u00e1scaras. Estima-se que, em m\u00e9dia, 3 mil fam\u00edlias sejam beneficiadas com a a\u00e7\u00e3o.<\/p>\n<p>\u201cA cria\u00e7\u00e3o do projeto Prote\u00e7\u00e3o Para Todos pensa em unir a necessidade de prote\u00e7\u00e3o da popula\u00e7\u00e3o ao fomento da economia local durante este momento de crise em virtude da COVID-19. Dessa forma, n\u00f3s garantimos a manuten\u00e7\u00e3o dos pequenos neg\u00f3cios, que representam a \u00fanica fonte de renda de diversas fam\u00edlias em Alagoas\u201d, explica Rafael Brito, secret\u00e1rio do Desenvolvimento Econ\u00f4mico e Turismo.<\/p>\n<p>As informa\u00e7\u00f5es de como se inscrever e os prazos a serem cumpridos voc\u00ea encontra <a href=\"http:\/\/www.sedetur.al.gov.br\/component\/jdownloads\/category\/58-arquivos?Itemid=396\"><strong>aqui<\/strong><\/a>.<\/p>\n<p>&nbsp;<\/p>\n<p><strong>Fonte: Ag\u00eancia Alagoas<\/strong><\/p>\n<p>&nbsp;<\/p>\n","protected":false},"excerpt":{"rendered":"<p>Com o objetivo de garantir a manuten\u00e7\u00e3o da atividade e a gera\u00e7\u00e3o de renda entre Micro e Pequenos Empreendedores do ramo de confec\u00e7\u00e3o, o Governo do Estado, por meio da Secretaria do Desenvolvimento Econ\u00f4mico e Turismo (Sedetur) lan\u00e7ou, nesta ter\u00e7a-feira (05), uma chamada p\u00fablica para aquisi\u00e7\u00e3o de mais de 1 milh\u00e3o de m\u00e1scaras de tecido. &hellip;<\/p>\n","protected":false},"author":1,"featured_media":6110,"comment_status":"open","ping_status":"open","sticky":false,"template":"","format":"standard","meta":{"_jetpack_newsletter_access":"","_jetpack_dont_email_post_to_subs":false,"_jetpack_newsletter_tier_id":0,"_jetpack_memberships_contains_paywalled_content":false,"_jetpack_memberships_contains_paid_content":false,"footnotes":""},"categories":[1],"tags":[],"class_list":["post-6109","post","type-post","status-publish","format-standard","has-post-thumbnail","hentry","category-destaque"],"jetpack_sharing_enabled":true,"jetpack_featured_media_url":"","_links":{"self":[{"href":"https:\/\/www.oparanews.com.br\/index.php\/wp-json\/wp\/v2\/posts\/6109","targetHints":{"allow":["GET"]}}],"collection":[{"href":"https:\/\/www.oparanews.com.br\/index.php\/wp-json\/wp\/v2\/posts"}],"about":[{"href":"https:\/\/www.oparanews.com.br\/index.php\/wp-json\/wp\/v2\/types\/post"}],"author":[{"embeddable":true,"href":"https:\/\/www.oparanews.com.br\/index.php\/wp-json\/wp\/v2\/users\/1"}],"replies":[{"embeddable":true,"href":"https:\/\/www.oparanews.com.br\/index.php\/wp-json\/wp\/v2\/comments?post=6109"}],"version-history":[{"count":0,"href":"https:\/\/www.oparanews.com.br\/index.php\/wp-json\/wp\/v2\/posts\/6109\/revisions"}],"wp:attachment":[{"href":"https:\/\/www.oparanews.com.br\/index.php\/wp-json\/wp\/v2\/media?parent=6109"}],"wp:term":[{"taxonomy":"category","embeddable":true,"href":"https:\/\/www.oparanews.com.br\/index.php\/wp-json\/wp\/v2\/categories?post=6109"},{"taxonomy":"post_tag","embeddable":true,"href":"https:\/\/www.oparanews.com.br\/index.php\/wp-json\/wp\/v2\/tags?post=6109"}],"curies":[{"name":"wp","href":"https:\/\/api.w.org\/{rel}","templated":true}]}}