{"id":6112,"date":"2020-05-06T19:09:43","date_gmt":"2020-05-06T19:09:43","guid":{"rendered":"https:\/\/oparanews.com.br\/?p=6112"},"modified":"2020-05-06T19:09:43","modified_gmt":"2020-05-06T19:09:43","slug":"raul-gil-recebe-alta-apos-cirurgia-delicada","status":"publish","type":"post","link":"https:\/\/www.oparanews.com.br\/index.php\/2020\/05\/06\/raul-gil-recebe-alta-apos-cirurgia-delicada\/","title":{"rendered":"Raul Gil recebe alta ap\u00f3s cirurgia delicada"},"content":{"rendered":"<p>Raul Gil recebeu alta do hospital Albert Einstein e vai poder voltar para sua casa ainda nesta quarta-feira (6). A informa\u00e7\u00e3o foi confirmada pelo colunista Ricardo Feltrin, do UOL. Nas redes sociais, o apresentador j\u00e1 aparece em clima de comemora\u00e7\u00e3o.<\/p>\n<p>No Instagram, o veterano surgiu em um v\u00eddeo no qual est\u00e1 em um quarto da unidade hospitalar, enquanto canta a m\u00fasica Por Una Cabeza. \u201cMais um pouquinho e ele sai do hospital\u2026obrigado a Deus e a todos pelas orac\u0327o\u0303es\u201d, escreveu Raul Gil Jr, filho do artista.<\/p>\n<p>O famoso estava internado desde a \u00faltima sexta-feira (01), quando sentiu falta de ar em casa depois de passar por uma cirurgia, ap\u00f3s um acidente dom\u00e9stico. Raul Gil se desequilibrou e caiu de uma escada no feriado da P\u00e1scoa.<\/p>\n<p>Ele chegou a ser operado ap\u00f3s quebrar nove costelas e ficou internado por alguns dias. Semanas ap\u00f3s ser liberado, no entanto, o contratado do SBT come\u00e7ou a sentir falta de ar e voltou \u00e0 unidade hospitalar.<\/p>\n<p>Os m\u00e9dicos, ent\u00e3o, constataram que Raul teve uma perfura\u00e7\u00e3o da costela e foram drenados mais de dois litros de sangue do pulm\u00e3o dele. Em rede social, o filho e diretor do seu programa destacou a melhora do pai e agradeceu os profissionais do hospital.<\/p>\n<p>&nbsp;<\/p>\n<p><strong>Fonte: RD1<\/strong><\/p>\n<p>&nbsp;<\/p>\n","protected":false},"excerpt":{"rendered":"<p>Raul Gil recebeu alta do hospital Albert Einstein e vai poder voltar para sua casa ainda nesta quarta-feira (6). A informa\u00e7\u00e3o foi confirmada pelo colunista Ricardo Feltrin, do UOL. Nas redes sociais, o apresentador j\u00e1 aparece em clima de comemora\u00e7\u00e3o. No Instagram, o veterano surgiu em um v\u00eddeo no qual est\u00e1 em um quarto da &hellip;<\/p>\n","protected":false},"author":1,"featured_media":6113,"comment_status":"open","ping_status":"open","sticky":false,"template":"","format":"standard","meta":{"_jetpack_newsletter_access":"","_jetpack_dont_email_post_to_subs":false,"_jetpack_newsletter_tier_id":0,"_jetpack_memberships_contains_paywalled_content":false,"_jetpack_memberships_contains_paid_content":false,"footnotes":""},"categories":[1],"tags":[],"class_list":["post-6112","post","type-post","status-publish","format-standard","has-post-thumbnail","hentry","category-destaque"],"jetpack_sharing_enabled":true,"jetpack_featured_media_url":"","_links":{"self":[{"href":"https:\/\/www.oparanews.com.br\/index.php\/wp-json\/wp\/v2\/posts\/6112","targetHints":{"allow":["GET"]}}],"collection":[{"href":"https:\/\/www.oparanews.com.br\/index.php\/wp-json\/wp\/v2\/posts"}],"about":[{"href":"https:\/\/www.oparanews.com.br\/index.php\/wp-json\/wp\/v2\/types\/post"}],"author":[{"embeddable":true,"href":"https:\/\/www.oparanews.com.br\/index.php\/wp-json\/wp\/v2\/users\/1"}],"replies":[{"embeddable":true,"href":"https:\/\/www.oparanews.com.br\/index.php\/wp-json\/wp\/v2\/comments?post=6112"}],"version-history":[{"count":0,"href":"https:\/\/www.oparanews.com.br\/index.php\/wp-json\/wp\/v2\/posts\/6112\/revisions"}],"wp:attachment":[{"href":"https:\/\/www.oparanews.com.br\/index.php\/wp-json\/wp\/v2\/media?parent=6112"}],"wp:term":[{"taxonomy":"category","embeddable":true,"href":"https:\/\/www.oparanews.com.br\/index.php\/wp-json\/wp\/v2\/categories?post=6112"},{"taxonomy":"post_tag","embeddable":true,"href":"https:\/\/www.oparanews.com.br\/index.php\/wp-json\/wp\/v2\/tags?post=6112"}],"curies":[{"name":"wp","href":"https:\/\/api.w.org\/{rel}","templated":true}]}}