{"id":6115,"date":"2020-05-06T19:11:29","date_gmt":"2020-05-06T19:11:29","guid":{"rendered":"https:\/\/oparanews.com.br\/?p=6115"},"modified":"2020-05-06T19:11:29","modified_gmt":"2020-05-06T19:11:29","slug":"alfredo-gaspar-de-mendonca-e-internado-com-coronavirus","status":"publish","type":"post","link":"https:\/\/www.oparanews.com.br\/index.php\/2020\/05\/06\/alfredo-gaspar-de-mendonca-e-internado-com-coronavirus\/","title":{"rendered":"Alfredo Gaspar de Mendon\u00e7a \u00e9 internado com coronav\u00edrus"},"content":{"rendered":"<p>O ex-procurador-geral de Justi\u00e7a, Alfredo Gaspar de Mendon\u00e7a, foi internado com sintomas do novo coronav\u00edrus e encontra-se com os pulm\u00f5es comprometidos. A informa\u00e7\u00e3o foi publicada nas redes sociais pelo filho dele, Carlos Mendon\u00e7a Neto, nesta quarta-feira (6).<\/p>\n<p>De acordo com a publica\u00e7\u00e3o, al\u00e9m do pai dele, a doen\u00e7a tamb\u00e9m acometeu os av\u00f3s e uma tia. Carlos Mendon\u00e7a Neto pediu que as pessoas n\u00e3o subestimassem a covid-19, ressaltando que, na fam\u00edlia dele, &#8220;assim como em diversa fam\u00edlias ao redor do mundo, o v\u00edrus foi cruel&#8221;.<\/p>\n<p>&#8220;Primeiro minha av\u00f3, internada h\u00e1 mais de 10 dias, lutando para se recuperar. Depois meu av\u00f4, a quem o v\u00edrus atacou ainda mais forte. Entubado, em um leito de UTI, briga pela vida. Agora meu pai, que acompanhou meu av\u00f4 nos procedimentos hospitalares devido \u00e0 idade avan\u00e7ada, apresenta um quadro de comprometimento dos pulm\u00f5es e acaba de ser internado&#8221;, postou ele nas redes sociais.<\/p>\n<p>E completou: &#8220;Como se n\u00e3o bastasse, acabo de saber que minha tia, m\u00e9dica que acompanhou minha av\u00f3 na interna\u00e7\u00e3o, tamb\u00e9m apresenta quadros de comprometimento nos pulm\u00f5es. Somente Deus pode intervir e Nele jamais perderemos a esperan\u00e7a. Deus prover\u00e1!&#8221;.<\/p>\n<p>Na postagem, feita na tarde desta quarta-feira, muitas foram as mensagens de apoio e os desejos de que tudo fique bem. Sobre mais informa\u00e7\u00f5es a respeito do quadro de sa\u00fade do ex-procurador-geral de Justi\u00e7a, a fam\u00edlia informou que, por enquanto, se limitar\u00e1 a apenas a postagem de Carlos Mendon\u00e7a Neto.<\/p>\n<p>&nbsp;<\/p>\n<p><strong>Fonte: Gazetaweb<\/strong><\/p>\n<p>&nbsp;<\/p>\n","protected":false},"excerpt":{"rendered":"<p>O ex-procurador-geral de Justi\u00e7a, Alfredo Gaspar de Mendon\u00e7a, foi internado com sintomas do novo coronav\u00edrus e encontra-se com os pulm\u00f5es comprometidos. A informa\u00e7\u00e3o foi publicada nas redes sociais pelo filho dele, Carlos Mendon\u00e7a Neto, nesta quarta-feira (6). De acordo com a publica\u00e7\u00e3o, al\u00e9m do pai dele, a doen\u00e7a tamb\u00e9m acometeu os av\u00f3s e uma tia. &hellip;<\/p>\n","protected":false},"author":1,"featured_media":6116,"comment_status":"open","ping_status":"open","sticky":false,"template":"","format":"standard","meta":{"_jetpack_newsletter_access":"","_jetpack_dont_email_post_to_subs":false,"_jetpack_newsletter_tier_id":0,"_jetpack_memberships_contains_paywalled_content":false,"_jetpack_memberships_contains_paid_content":false,"footnotes":""},"categories":[1],"tags":[],"class_list":["post-6115","post","type-post","status-publish","format-standard","has-post-thumbnail","hentry","category-destaque"],"jetpack_sharing_enabled":true,"jetpack_featured_media_url":"","_links":{"self":[{"href":"https:\/\/www.oparanews.com.br\/index.php\/wp-json\/wp\/v2\/posts\/6115","targetHints":{"allow":["GET"]}}],"collection":[{"href":"https:\/\/www.oparanews.com.br\/index.php\/wp-json\/wp\/v2\/posts"}],"about":[{"href":"https:\/\/www.oparanews.com.br\/index.php\/wp-json\/wp\/v2\/types\/post"}],"author":[{"embeddable":true,"href":"https:\/\/www.oparanews.com.br\/index.php\/wp-json\/wp\/v2\/users\/1"}],"replies":[{"embeddable":true,"href":"https:\/\/www.oparanews.com.br\/index.php\/wp-json\/wp\/v2\/comments?post=6115"}],"version-history":[{"count":0,"href":"https:\/\/www.oparanews.com.br\/index.php\/wp-json\/wp\/v2\/posts\/6115\/revisions"}],"wp:attachment":[{"href":"https:\/\/www.oparanews.com.br\/index.php\/wp-json\/wp\/v2\/media?parent=6115"}],"wp:term":[{"taxonomy":"category","embeddable":true,"href":"https:\/\/www.oparanews.com.br\/index.php\/wp-json\/wp\/v2\/categories?post=6115"},{"taxonomy":"post_tag","embeddable":true,"href":"https:\/\/www.oparanews.com.br\/index.php\/wp-json\/wp\/v2\/tags?post=6115"}],"curies":[{"name":"wp","href":"https:\/\/api.w.org\/{rel}","templated":true}]}}