{"id":6118,"date":"2020-05-07T00:29:31","date_gmt":"2020-05-07T00:29:31","guid":{"rendered":"https:\/\/oparanews.com.br\/?p=6118"},"modified":"2020-05-07T00:29:31","modified_gmt":"2020-05-07T00:29:31","slug":"mais-um-caso-de-covid-19-e-confirmado-em-penedo","status":"publish","type":"post","link":"https:\/\/www.oparanews.com.br\/index.php\/2020\/05\/07\/mais-um-caso-de-covid-19-e-confirmado-em-penedo\/","title":{"rendered":"Mais um caso de Covid-19 \u00e9 confirmado em Penedo"},"content":{"rendered":"<p>Penedo tem mais um caso confirmado de Covid-19, totalizando agora 4 ocorr\u00eancias de infec\u00e7\u00e3o no munic\u00edpio, conforme dados da Secretaria Estadual de Sa\u00fade.<\/p>\n<p>O aumento foi registrado nesta quarta-feira (06), com a divulga\u00e7\u00e3o do mais recente boletim informativo da Secretaria Municipal de Sa\u00fade que tem o objetivo de manter a popula\u00e7\u00e3o penedense informada dos n\u00fameros referentes ao novo coronav\u00edrus, seguindo as atualiza\u00e7\u00f5es repassadas pelo governo estadual.<\/p>\n<p><a href=\"https:\/\/oparanews.com.br\/wp-content\/uploads\/2020\/05\/Sem-t\u00edtulo22222-28.jpg\"><img loading=\"lazy\" decoding=\"async\" class=\"alignleft size-medium wp-image-6120\" src=\"https:\/\/oparanews.com.br\/wp-content\/uploads\/2020\/05\/Sem-t\u00edtulo22222-28-254x300.jpg\" alt=\"\" width=\"254\" height=\"300\" \/><\/a>Os n\u00fameros tamb\u00e9m indicam que al\u00e9m do novo caso confirmado, outro est\u00e1 sendo acompanhado com suspeita de Covid-19. Os casos descartados permanecessem 6 e os monitorados pela sa\u00fade penedense s\u00e3o 40.<\/p>\n<p>J\u00e1 as pessoas acompanhadas por s\u00edndrome gripal totalizam 43, um aumento de cinco casos de gripe desde o Boletim informativo anterior, divulgado ontem (ter\u00e7a-feira, 05).<\/p>\n<p><strong>Medidas<\/strong><\/p>\n<p>O munic\u00edpio de Penedo tem tomado todas as precau\u00e7\u00f5es recomendadas pela OMS- Organiza\u00e7\u00e3o Mundial de Sa\u00fade, a exemplo das Barreiras Sanit\u00e1rias e o decreto municipal que estabelece a suspens\u00e3o das aulas na rede p\u00fablica e mudan\u00e7as no funcionamento dos \u00f3rg\u00e3os p\u00fablicos, conforme decreto assinado pelo Prefeito Marcius Beltr\u00e3o.<\/p>\n<p>Prefeitura de Penedo adota novas medidas de controle nas barreiras sanit\u00e1rias<\/p>\n<p>Com isso existe um maior rigor na fiscaliza\u00e7\u00e3o dos acessos ao munic\u00edpio, com a entrada em Penedo s\u00f3 est\u00e1 autorizada em casos espec\u00edficos, sendo divulgado tamb\u00e9m periodicamente um balan\u00e7o sobre o controle nas vias de acesso ao munic\u00edpio<\/p>\n<p><strong>Covid-19<\/strong><\/p>\n<p>O COVID-19 (do ingl\u00eas Coronavirus Disease 2019) \u00e9 uma doen\u00e7a infecciosa causada pelo coronav\u00edrus da S\u00edndrome Respirat\u00f3ria Aguda Grave 2 (SARS-CoV-2).<\/p>\n<p>Os sintomas mais comuns s\u00e3o febre, tosse e dificuldade em respirar. Cerca de 80% dos casos confirmados s\u00e3o ligeiros ou assintom\u00e1ticos e a maioria recupera sem sequelas.<\/p>\n<p>No entanto, 15% s\u00e3o infec\u00e7\u00f5es graves que necessitam de oxig\u00eanio e 5% s\u00e3o infec\u00e7\u00f5es muito graves que necessitam de ventila\u00e7\u00e3o. Os casos mais graves podem evoluir para pneumonia grave com insufici\u00eancia respirat\u00f3ria grave, fal\u00eancia de v\u00e1rios \u00f3rg\u00e3os e morte.<\/p>\n<p>Em Alagoas, 80 mortes causados pela Covi-19 j\u00e1 foram registradas at\u00e9 hoje. A Sesau informa ainda 1.695 casos confirmados, 376 recuperados e 1.038 suspeitos.<\/p>\n<p><strong>SOS Covid<\/strong><\/p>\n<p>O SOS Covid-19 \u00e9 um contato da Secretaria Municipal de Sa\u00fade exclusivo pelo Whatsapp (99912-3351), com o objetivo de tirar d\u00favidas da popula\u00e7\u00e3o e receber orienta\u00e7\u00f5es sobre o coronav\u00edrus, recebeu 269 demandas.<\/p>\n<p>&nbsp;<\/p>\n<p><strong>por Thiago Sobral &#8211; Decom (PMP)<\/strong><\/p>\n<p>&nbsp;<\/p>\n","protected":false},"excerpt":{"rendered":"<p>Penedo tem mais um caso confirmado de Covid-19, totalizando agora 4 ocorr\u00eancias de infec\u00e7\u00e3o no munic\u00edpio, conforme dados da Secretaria Estadual de Sa\u00fade. O aumento foi registrado nesta quarta-feira (06), com a divulga\u00e7\u00e3o do mais recente boletim informativo da Secretaria Municipal de Sa\u00fade que tem o objetivo de manter a popula\u00e7\u00e3o penedense informada dos n\u00fameros &hellip;<\/p>\n","protected":false},"author":1,"featured_media":6122,"comment_status":"open","ping_status":"open","sticky":false,"template":"","format":"standard","meta":{"_jetpack_newsletter_access":"","_jetpack_dont_email_post_to_subs":false,"_jetpack_newsletter_tier_id":0,"_jetpack_memberships_contains_paywalled_content":false,"_jetpack_memberships_contains_paid_content":false,"footnotes":""},"categories":[1],"tags":[],"class_list":["post-6118","post","type-post","status-publish","format-standard","has-post-thumbnail","hentry","category-destaque"],"jetpack_sharing_enabled":true,"jetpack_featured_media_url":"","_links":{"self":[{"href":"https:\/\/www.oparanews.com.br\/index.php\/wp-json\/wp\/v2\/posts\/6118","targetHints":{"allow":["GET"]}}],"collection":[{"href":"https:\/\/www.oparanews.com.br\/index.php\/wp-json\/wp\/v2\/posts"}],"about":[{"href":"https:\/\/www.oparanews.com.br\/index.php\/wp-json\/wp\/v2\/types\/post"}],"author":[{"embeddable":true,"href":"https:\/\/www.oparanews.com.br\/index.php\/wp-json\/wp\/v2\/users\/1"}],"replies":[{"embeddable":true,"href":"https:\/\/www.oparanews.com.br\/index.php\/wp-json\/wp\/v2\/comments?post=6118"}],"version-history":[{"count":0,"href":"https:\/\/www.oparanews.com.br\/index.php\/wp-json\/wp\/v2\/posts\/6118\/revisions"}],"wp:attachment":[{"href":"https:\/\/www.oparanews.com.br\/index.php\/wp-json\/wp\/v2\/media?parent=6118"}],"wp:term":[{"taxonomy":"category","embeddable":true,"href":"https:\/\/www.oparanews.com.br\/index.php\/wp-json\/wp\/v2\/categories?post=6118"},{"taxonomy":"post_tag","embeddable":true,"href":"https:\/\/www.oparanews.com.br\/index.php\/wp-json\/wp\/v2\/tags?post=6118"}],"curies":[{"name":"wp","href":"https:\/\/api.w.org\/{rel}","templated":true}]}}