{"id":6126,"date":"2020-05-07T02:04:23","date_gmt":"2020-05-07T02:04:23","guid":{"rendered":"https:\/\/oparanews.com.br\/?p=6126"},"modified":"2020-05-07T02:04:23","modified_gmt":"2020-05-07T02:04:23","slug":"idosa-de-penedo-tem-alta-hospitalar-apos-ser-curada-de-covid-19","status":"publish","type":"post","link":"https:\/\/www.oparanews.com.br\/index.php\/2020\/05\/07\/idosa-de-penedo-tem-alta-hospitalar-apos-ser-curada-de-covid-19\/","title":{"rendered":"Idosa de Penedo tem alta hospitalar ap\u00f3s ser curada de Covid-19"},"content":{"rendered":"<p>A idosa, que contraiu o novo Coronav\u00edrus\/Covid-19 no munic\u00edpio de Penedo, teve alta hospitalar no hospital em Coruripe.<\/p>\n<p>Segundo informa\u00e7\u00f5es do Secret\u00e1rio Municipal de Sa\u00fade, Marcos Beltr\u00e3o, a idosa passa bem e j\u00e1 se encontra em conv\u00edvio familiar na resid\u00eancia onde mora.<\/p>\n<p>Apesar de estar curada, ela ter\u00e1 que ficar em quarentena como recomenda o Minist\u00e9rio da Sa\u00fade e a Organiza\u00e7\u00e3o Mundial da Sa\u00fade.<\/p>\n<p>&nbsp;<\/p>\n<p>&nbsp;<\/p>\n<p><strong>por Reda\u00e7\u00e3o<\/strong><\/p>\n<p>&nbsp;<\/p>\n","protected":false},"excerpt":{"rendered":"<p>A idosa, que contraiu o novo Coronav\u00edrus\/Covid-19 no munic\u00edpio de Penedo, teve alta hospitalar no hospital em Coruripe. Segundo informa\u00e7\u00f5es do Secret\u00e1rio Municipal de Sa\u00fade, Marcos Beltr\u00e3o, a idosa passa bem e j\u00e1 se encontra em conv\u00edvio familiar na resid\u00eancia onde mora. Apesar de estar curada, ela ter\u00e1 que ficar em quarentena como recomenda o &hellip;<\/p>\n","protected":false},"author":1,"featured_media":6127,"comment_status":"open","ping_status":"open","sticky":false,"template":"","format":"standard","meta":{"_jetpack_newsletter_access":"","_jetpack_dont_email_post_to_subs":false,"_jetpack_newsletter_tier_id":0,"_jetpack_memberships_contains_paywalled_content":false,"_jetpack_memberships_contains_paid_content":false,"footnotes":""},"categories":[1],"tags":[],"class_list":["post-6126","post","type-post","status-publish","format-standard","has-post-thumbnail","hentry","category-destaque"],"jetpack_sharing_enabled":true,"jetpack_featured_media_url":"","_links":{"self":[{"href":"https:\/\/www.oparanews.com.br\/index.php\/wp-json\/wp\/v2\/posts\/6126","targetHints":{"allow":["GET"]}}],"collection":[{"href":"https:\/\/www.oparanews.com.br\/index.php\/wp-json\/wp\/v2\/posts"}],"about":[{"href":"https:\/\/www.oparanews.com.br\/index.php\/wp-json\/wp\/v2\/types\/post"}],"author":[{"embeddable":true,"href":"https:\/\/www.oparanews.com.br\/index.php\/wp-json\/wp\/v2\/users\/1"}],"replies":[{"embeddable":true,"href":"https:\/\/www.oparanews.com.br\/index.php\/wp-json\/wp\/v2\/comments?post=6126"}],"version-history":[{"count":0,"href":"https:\/\/www.oparanews.com.br\/index.php\/wp-json\/wp\/v2\/posts\/6126\/revisions"}],"wp:attachment":[{"href":"https:\/\/www.oparanews.com.br\/index.php\/wp-json\/wp\/v2\/media?parent=6126"}],"wp:term":[{"taxonomy":"category","embeddable":true,"href":"https:\/\/www.oparanews.com.br\/index.php\/wp-json\/wp\/v2\/categories?post=6126"},{"taxonomy":"post_tag","embeddable":true,"href":"https:\/\/www.oparanews.com.br\/index.php\/wp-json\/wp\/v2\/tags?post=6126"}],"curies":[{"name":"wp","href":"https:\/\/api.w.org\/{rel}","templated":true}]}}