{"id":6135,"date":"2020-05-07T02:48:47","date_gmt":"2020-05-07T02:48:47","guid":{"rendered":"https:\/\/oparanews.com.br\/?p=6135"},"modified":"2020-05-07T02:48:47","modified_gmt":"2020-05-07T02:48:47","slug":"lockdown-sera-necessario-em-alguns-locais-diz-teich","status":"publish","type":"post","link":"https:\/\/www.oparanews.com.br\/index.php\/2020\/05\/07\/lockdown-sera-necessario-em-alguns-locais-diz-teich\/","title":{"rendered":"&#8216;Lockdown&#8217; ser\u00e1 necess\u00e1rio em alguns locais, diz Teich"},"content":{"rendered":"<p>O ministro da Sa\u00fade, Nelson Teich, afirmou nesta quarta-feira que o chamado &#8216;lockdown&#8217; &#8211; fechamento completo de atividades de uma cidade, exceto servi\u00e7os essenciais &#8211; ser\u00e1 uma ferramenta importante em locais com situa\u00e7\u00e3o &#8220;muito dif\u00edcil&#8221; do novo coronav\u00edrus, na primeira vez em que levantou a hip\u00f3tese de ado\u00e7\u00e3o da forma mais r\u00edgida de quarentena para conter o avan\u00e7o da doen\u00e7a.<\/p>\n<p>Teich disse ainda, em entrevista coletiva no Pal\u00e1cio do Planalto, que haver\u00e1 locais em que vai se recomendar o &#8216;lockdown&#8217;, mas que em outros ocorrer\u00e1 a sugest\u00e3o de um afrouxamento do isolamento. O ministro fez a declara\u00e7\u00e3o ao antecipar pontos das diretrizes preparadas pelo minist\u00e9rio para Estados e munic\u00edpios sobre o distanciamento social.<\/p>\n<p>Segundo Teich, existem v\u00e1rios n\u00edveis de medidas de distanciamento, n\u00e3o h\u00e1 apenas a defesa ou n\u00e3o defesa da medida.<\/p>\n<p>&#8220;Cada lugar vai ter a sua necessidade de distanciamento, n\u00f3s vamos mapear com base nos casos novos e infraestrutura para atender&#8221;, disse.<\/p>\n<p>Teich disse ainda, em entrevista coletiva no Pal\u00e1cio do Planalto, que haver\u00e1 locais em que vai se recomendar o &#8216;lockdown&#8217;, mas que em outros ocorrer\u00e1 a sugest\u00e3o de um afrouxamento do isolamento. O ministro fez a declara\u00e7\u00e3o ao antecipar pontos das diretrizes preparadas pelo minist\u00e9rio para Estados e munic\u00edpios sobre o distanciamento social.<\/p>\n<p>Segundo Teich, existem v\u00e1rios n\u00edveis de medidas de distanciamento, n\u00e3o h\u00e1 apenas a defesa ou n\u00e3o defesa da medida.<\/p>\n<p>&#8220;Cada lugar vai ter a sua necessidade de distanciamento, n\u00f3s vamos mapear com base nos casos novos e infraestrutura para atender&#8221;, disse.<\/p>\n<p>&nbsp;<\/p>\n<p><strong>Fonte: Terra<\/strong><\/p>\n<p>&nbsp;<\/p>\n","protected":false},"excerpt":{"rendered":"<p>O ministro da Sa\u00fade, Nelson Teich, afirmou nesta quarta-feira que o chamado &#8216;lockdown&#8217; &#8211; fechamento completo de atividades de uma cidade, exceto servi\u00e7os essenciais &#8211; ser\u00e1 uma ferramenta importante em locais com situa\u00e7\u00e3o &#8220;muito dif\u00edcil&#8221; do novo coronav\u00edrus, na primeira vez em que levantou a hip\u00f3tese de ado\u00e7\u00e3o da forma mais r\u00edgida de quarentena para &hellip;<\/p>\n","protected":false},"author":1,"featured_media":6136,"comment_status":"open","ping_status":"open","sticky":false,"template":"","format":"standard","meta":{"_jetpack_newsletter_access":"","_jetpack_dont_email_post_to_subs":false,"_jetpack_newsletter_tier_id":0,"_jetpack_memberships_contains_paywalled_content":false,"_jetpack_memberships_contains_paid_content":false,"footnotes":""},"categories":[1],"tags":[],"class_list":["post-6135","post","type-post","status-publish","format-standard","has-post-thumbnail","hentry","category-destaque"],"jetpack_sharing_enabled":true,"jetpack_featured_media_url":"","_links":{"self":[{"href":"https:\/\/www.oparanews.com.br\/index.php\/wp-json\/wp\/v2\/posts\/6135","targetHints":{"allow":["GET"]}}],"collection":[{"href":"https:\/\/www.oparanews.com.br\/index.php\/wp-json\/wp\/v2\/posts"}],"about":[{"href":"https:\/\/www.oparanews.com.br\/index.php\/wp-json\/wp\/v2\/types\/post"}],"author":[{"embeddable":true,"href":"https:\/\/www.oparanews.com.br\/index.php\/wp-json\/wp\/v2\/users\/1"}],"replies":[{"embeddable":true,"href":"https:\/\/www.oparanews.com.br\/index.php\/wp-json\/wp\/v2\/comments?post=6135"}],"version-history":[{"count":0,"href":"https:\/\/www.oparanews.com.br\/index.php\/wp-json\/wp\/v2\/posts\/6135\/revisions"}],"wp:attachment":[{"href":"https:\/\/www.oparanews.com.br\/index.php\/wp-json\/wp\/v2\/media?parent=6135"}],"wp:term":[{"taxonomy":"category","embeddable":true,"href":"https:\/\/www.oparanews.com.br\/index.php\/wp-json\/wp\/v2\/categories?post=6135"},{"taxonomy":"post_tag","embeddable":true,"href":"https:\/\/www.oparanews.com.br\/index.php\/wp-json\/wp\/v2\/tags?post=6135"}],"curies":[{"name":"wp","href":"https:\/\/api.w.org\/{rel}","templated":true}]}}