{"id":6138,"date":"2020-05-07T02:53:14","date_gmt":"2020-05-07T02:53:14","guid":{"rendered":"https:\/\/oparanews.com.br\/?p=6138"},"modified":"2020-05-07T02:53:14","modified_gmt":"2020-05-07T02:53:14","slug":"oms-diz-vai-oferecer-o-apoio-que-o-brasil-precisar","status":"publish","type":"post","link":"https:\/\/www.oparanews.com.br\/index.php\/2020\/05\/07\/oms-diz-vai-oferecer-o-apoio-que-o-brasil-precisar\/","title":{"rendered":"OMS diz vai oferecer o apoio que o Brasil precisar"},"content":{"rendered":"<p>O diretor-geral da Organiza\u00e7\u00e3o Mundial da Sa\u00fade (OMS), Tedros Adhanom Ghebreyesus, afirmou nesta quarta-feira, 6, que a entidade est\u00e1 trabalhando com o governo brasileiro e que &#8220;vai dar qualquer apoio que o Pa\u00eds precisar&#8221; na luta contra a pandemia do novo coronav\u00edrus. O Brasil j\u00e1 registrou 6.921 mortes e tem 114.715 pessoas infectadas.<\/p>\n<p>&#8220;Estamos trabalhando com o governo brasileiro e vamos continuar trabalhando para dar qualquer apoio que precisarem&#8221;, disse Tedros. Em seguida, o diretor do programa de emerg\u00eancias da OMS, Michael Ryan, complementou dizendo que o bra\u00e7o da entidade nas Am\u00e9ricas, a Organiza\u00e7\u00e3o Pan-Americana da Sa\u00fade (OPAS), tem um escrit\u00f3rio regional no Brasil.<\/p>\n<p>Questionado sobre a situa\u00e7\u00e3o de Manaus, no Amazonas, Ryan respondeu no passado a OMS j\u00e1 trabalhou com governos subnacionais. &#8220;Estamos dispostos a fornecer apoio t\u00e9cnico a qualquer Estado (do Brasil) se os governos solicitarem&#8221;.<\/p>\n<p>A OMS voltou a alertar os pa\u00edses que consideram amenizar as restri\u00e7\u00f5es de circula\u00e7\u00e3o de pessoas e listou seis crit\u00e9rios necess\u00e1rios para faz\u00ea-lo de maneira segura. Primeiro, que haja vigil\u00e2ncia forte, que os casos de infec\u00e7\u00e3o e de mortes estejam em decl\u00ednio e que a transmiss\u00e3o local tenha sido controlada. Depois, que o sistema de sa\u00fade seja capaz de detectar, isolar, testar, tratar os casos e identificar pessoas que entraram em contato com pessoas infectadas.<\/p>\n<p>Tamb\u00e9m ressaltou a import\u00e2ncia de minimizar a possibilidade de surtos em ambientes como unidades de sa\u00fade e asilos, e a a necessidade de implementa\u00e7\u00e3o de medidas preventivas em escolas e locais de trabalho. Por fim, recomendou o gerenciamento dos riscos de &#8220;importar&#8221; casos e que as comunidades estejam totalmente engajadas e conscientes dos riscos.<\/p>\n<p>&#8220;O risco de retornar ao bloqueio permanece muito real se os pa\u00edses n\u00e3o gerenciarem a transi\u00e7\u00e3o com muito cuidado e com uma abordagem de fases&#8221;, disse Tedros. Ele lembrou que embora o n\u00famero de casos relatados na Europa Ocidental esteja diminuindo, mais infec\u00e7\u00f5es est\u00e3o sendo registradas todos os dias na Europa Oriental, na \u00c1frica, no Sudeste Asi\u00e1tico e na regi\u00e3o das Am\u00e9ricas. A m\u00e9dia de novos casos di\u00e1rios \u00e9 de 80 mil, totalizando mais de 3,5 milh\u00f5es de infectados e mais de 250 mil mortes.<\/p>\n<p>&nbsp;<\/p>\n<p><strong>Fonte: Terra<\/strong><\/p>\n<p>&nbsp;<\/p>\n","protected":false},"excerpt":{"rendered":"<p>O diretor-geral da Organiza\u00e7\u00e3o Mundial da Sa\u00fade (OMS), Tedros Adhanom Ghebreyesus, afirmou nesta quarta-feira, 6, que a entidade est\u00e1 trabalhando com o governo brasileiro e que &#8220;vai dar qualquer apoio que o Pa\u00eds precisar&#8221; na luta contra a pandemia do novo coronav\u00edrus. O Brasil j\u00e1 registrou 6.921 mortes e tem 114.715 pessoas infectadas. &#8220;Estamos trabalhando &hellip;<\/p>\n","protected":false},"author":1,"featured_media":6139,"comment_status":"open","ping_status":"open","sticky":false,"template":"","format":"standard","meta":{"_jetpack_newsletter_access":"","_jetpack_dont_email_post_to_subs":false,"_jetpack_newsletter_tier_id":0,"_jetpack_memberships_contains_paywalled_content":false,"_jetpack_memberships_contains_paid_content":false,"footnotes":""},"categories":[1],"tags":[],"class_list":["post-6138","post","type-post","status-publish","format-standard","has-post-thumbnail","hentry","category-destaque"],"jetpack_sharing_enabled":true,"jetpack_featured_media_url":"","_links":{"self":[{"href":"https:\/\/www.oparanews.com.br\/index.php\/wp-json\/wp\/v2\/posts\/6138","targetHints":{"allow":["GET"]}}],"collection":[{"href":"https:\/\/www.oparanews.com.br\/index.php\/wp-json\/wp\/v2\/posts"}],"about":[{"href":"https:\/\/www.oparanews.com.br\/index.php\/wp-json\/wp\/v2\/types\/post"}],"author":[{"embeddable":true,"href":"https:\/\/www.oparanews.com.br\/index.php\/wp-json\/wp\/v2\/users\/1"}],"replies":[{"embeddable":true,"href":"https:\/\/www.oparanews.com.br\/index.php\/wp-json\/wp\/v2\/comments?post=6138"}],"version-history":[{"count":0,"href":"https:\/\/www.oparanews.com.br\/index.php\/wp-json\/wp\/v2\/posts\/6138\/revisions"}],"wp:attachment":[{"href":"https:\/\/www.oparanews.com.br\/index.php\/wp-json\/wp\/v2\/media?parent=6138"}],"wp:term":[{"taxonomy":"category","embeddable":true,"href":"https:\/\/www.oparanews.com.br\/index.php\/wp-json\/wp\/v2\/categories?post=6138"},{"taxonomy":"post_tag","embeddable":true,"href":"https:\/\/www.oparanews.com.br\/index.php\/wp-json\/wp\/v2\/tags?post=6138"}],"curies":[{"name":"wp","href":"https:\/\/api.w.org\/{rel}","templated":true}]}}