{"id":6150,"date":"2020-05-07T18:26:46","date_gmt":"2020-05-07T18:26:46","guid":{"rendered":"https:\/\/oparanews.com.br\/?p=6150"},"modified":"2020-05-07T18:26:46","modified_gmt":"2020-05-07T18:26:46","slug":"governador-de-alagoas-esta-curado-da-covid-19","status":"publish","type":"post","link":"https:\/\/www.oparanews.com.br\/index.php\/2020\/05\/07\/governador-de-alagoas-esta-curado-da-covid-19\/","title":{"rendered":"Governador de Alagoas est\u00e1 curado da Covid-19"},"content":{"rendered":"<p>O governador de Alagoas, Renan Filho (MDB), est\u00e1 curado da Covid-19. Ele recebeu alta m\u00e9dica nesta quinta-feira (7) e pode retornar as atividades.<\/p>\n<p>Renan Filho estava em tratamento desde o fim do m\u00eas de abril, quando divulgou o resultado positivo para o novo coronav\u00edrus.<\/p>\n<p>O \u00faltimo boletim epidemiol\u00f3gico da Secretaria de Estado da Sa\u00fade (Sesau), divulgado na quarta-feira (6), mostrou que Alagoas tem 581 pacientes recuperados da Covid-19.<\/p>\n<p>De acordo com a assessoria, o tratamento foi realizado na casa do governador, com evolu\u00e7\u00e3o satisfat\u00f3ria para curas cl\u00ednicas e sorol\u00f3gica, segundo a m\u00e9dica infectologista Sarah Dellabianca. O atestado ainda diz que o governador est\u00e1 apto ao trabalho e sem restri\u00e7\u00f5es laborais.<\/p>\n<p>&nbsp;<\/p>\n<p><strong>Fonte: G1\/AL<\/strong><\/p>\n<p>&nbsp;<\/p>\n","protected":false},"excerpt":{"rendered":"<p>O governador de Alagoas, Renan Filho (MDB), est\u00e1 curado da Covid-19. Ele recebeu alta m\u00e9dica nesta quinta-feira (7) e pode retornar as atividades. Renan Filho estava em tratamento desde o fim do m\u00eas de abril, quando divulgou o resultado positivo para o novo coronav\u00edrus. O \u00faltimo boletim epidemiol\u00f3gico da Secretaria de Estado da Sa\u00fade (Sesau), &hellip;<\/p>\n","protected":false},"author":1,"featured_media":6151,"comment_status":"open","ping_status":"open","sticky":false,"template":"","format":"standard","meta":{"_jetpack_newsletter_access":"","_jetpack_dont_email_post_to_subs":false,"_jetpack_newsletter_tier_id":0,"_jetpack_memberships_contains_paywalled_content":false,"_jetpack_memberships_contains_paid_content":false,"footnotes":""},"categories":[1],"tags":[],"class_list":["post-6150","post","type-post","status-publish","format-standard","has-post-thumbnail","hentry","category-destaque"],"jetpack_sharing_enabled":true,"jetpack_featured_media_url":"","_links":{"self":[{"href":"https:\/\/www.oparanews.com.br\/index.php\/wp-json\/wp\/v2\/posts\/6150","targetHints":{"allow":["GET"]}}],"collection":[{"href":"https:\/\/www.oparanews.com.br\/index.php\/wp-json\/wp\/v2\/posts"}],"about":[{"href":"https:\/\/www.oparanews.com.br\/index.php\/wp-json\/wp\/v2\/types\/post"}],"author":[{"embeddable":true,"href":"https:\/\/www.oparanews.com.br\/index.php\/wp-json\/wp\/v2\/users\/1"}],"replies":[{"embeddable":true,"href":"https:\/\/www.oparanews.com.br\/index.php\/wp-json\/wp\/v2\/comments?post=6150"}],"version-history":[{"count":0,"href":"https:\/\/www.oparanews.com.br\/index.php\/wp-json\/wp\/v2\/posts\/6150\/revisions"}],"wp:attachment":[{"href":"https:\/\/www.oparanews.com.br\/index.php\/wp-json\/wp\/v2\/media?parent=6150"}],"wp:term":[{"taxonomy":"category","embeddable":true,"href":"https:\/\/www.oparanews.com.br\/index.php\/wp-json\/wp\/v2\/categories?post=6150"},{"taxonomy":"post_tag","embeddable":true,"href":"https:\/\/www.oparanews.com.br\/index.php\/wp-json\/wp\/v2\/tags?post=6150"}],"curies":[{"name":"wp","href":"https:\/\/api.w.org\/{rel}","templated":true}]}}