{"id":6153,"date":"2020-05-08T02:28:56","date_gmt":"2020-05-08T02:28:56","guid":{"rendered":"https:\/\/oparanews.com.br\/?p=6153"},"modified":"2020-05-08T02:28:56","modified_gmt":"2020-05-08T02:28:56","slug":"brasil-vai-fazer-teste-em-massa-para-orientar-acoes-de-combate-a-covid-19","status":"publish","type":"post","link":"https:\/\/www.oparanews.com.br\/index.php\/2020\/05\/08\/brasil-vai-fazer-teste-em-massa-para-orientar-acoes-de-combate-a-covid-19\/","title":{"rendered":"Brasil vai fazer teste em massa para orientar a\u00e7\u00f5es de combate \u00e0 Covid-19"},"content":{"rendered":"<p>O Minist\u00e9rio da Sa\u00fade divulgou uma nova estrat\u00e9gia para ampliar a capacidade de monitoramento do novo coronav\u00edrus no Brasil. Chamada de Diagnosticar para Cuidar, essa iniciativa tem o objetivo de realizar 46 milh\u00f5es de testes, o que representa 22% da popula\u00e7\u00e3o Brasileira, para conhecer melhor a doen\u00e7a e, assim, elaborar medidas mais eficazes de prote\u00e7\u00e3o da sociedade, como afirma o secret\u00e1rio Nacional de Vigil\u00e2ncia em Sa\u00fade, Wanderson Oliveira.<\/p>\n<p>\u201cLocalmente se tenha um sistema de vigil\u00e2ncia eficaz e capaz de identificar novos focos de transmiss\u00e3o. E minimizar, com isso, impactos de formas graves e a mortalidade. Al\u00e9m de buscar proteger os grupos de maior vulnerabilidade; isolar adequadamente quem realmente precisa ser isolado, que s\u00e3o as pessoas doentes e seus contatos; e auxiliar no atendimento, em uma presta\u00e7\u00e3o de servi\u00e7o ao cidad\u00e3o de modo adequado pelo sistema de sa\u00fade, seja p\u00fablico ou privado\u201d.<\/p>\n<p>Essa estrat\u00e9gia \u00e9 dividida em duas a\u00e7\u00f5es: uma \u00e9 a \u201cConfirma COVID-19\u201d, que identifica o v\u00edrus at\u00e9 sete dias do in\u00edcio dos sintomas e que s\u00f3 vai testar quem apresenta sintomas da doen\u00e7a; e a outra \u00e9 a \u201cTesta Brasil\u201d, que identifica o v\u00edrus a partir do oitavo dia dos sintomas mas vai examinar, tamb\u00e9m, quem n\u00e3o apresenta sinais do coronav\u00edrus. Os resultados desses testes v\u00e3o ajudar nas orienta\u00e7\u00f5es do Minist\u00e9rio da Sa\u00fade, sobre como proceder em rela\u00e7\u00e3o \u00e0 doen\u00e7a, como afirma Wanderson Oliveira.<\/p>\n<p>\u201cPara isso \u00e9 necess\u00e1rio realizar um n\u00famero grande de testes para controle da transmiss\u00e3o e, tamb\u00e9m, para compreens\u00e3o do padr\u00e3o da epidemia que o ministro sempre cita. Estamos estudando cada localidade de acordo com a sua realidade\u201d.<\/p>\n<p>Essa estrat\u00e9gia de amplia\u00e7\u00e3o de testes \u00e9 baseada no trabalho que foi feito na Coreia do Sul, e v\u00e3o ter tanto unidades volantes quanto unidades fixas para a realiza\u00e7\u00e3o dos testes por todo o pa\u00eds.<\/p>\n<p>&nbsp;<\/p>\n<p><strong>Fonte: Ag\u00eancia do R\u00e1dio Mais<\/strong><\/p>\n<p>&nbsp;<\/p>\n","protected":false},"excerpt":{"rendered":"<p>O Minist\u00e9rio da Sa\u00fade divulgou uma nova estrat\u00e9gia para ampliar a capacidade de monitoramento do novo coronav\u00edrus no Brasil. Chamada de Diagnosticar para Cuidar, essa iniciativa tem o objetivo de realizar 46 milh\u00f5es de testes, o que representa 22% da popula\u00e7\u00e3o Brasileira, para conhecer melhor a doen\u00e7a e, assim, elaborar medidas mais eficazes de prote\u00e7\u00e3o &hellip;<\/p>\n","protected":false},"author":1,"featured_media":6154,"comment_status":"open","ping_status":"open","sticky":false,"template":"","format":"standard","meta":{"_jetpack_newsletter_access":"","_jetpack_dont_email_post_to_subs":false,"_jetpack_newsletter_tier_id":0,"_jetpack_memberships_contains_paywalled_content":false,"_jetpack_memberships_contains_paid_content":false,"footnotes":""},"categories":[1],"tags":[],"class_list":["post-6153","post","type-post","status-publish","format-standard","has-post-thumbnail","hentry","category-destaque"],"jetpack_sharing_enabled":true,"jetpack_featured_media_url":"","_links":{"self":[{"href":"https:\/\/www.oparanews.com.br\/index.php\/wp-json\/wp\/v2\/posts\/6153","targetHints":{"allow":["GET"]}}],"collection":[{"href":"https:\/\/www.oparanews.com.br\/index.php\/wp-json\/wp\/v2\/posts"}],"about":[{"href":"https:\/\/www.oparanews.com.br\/index.php\/wp-json\/wp\/v2\/types\/post"}],"author":[{"embeddable":true,"href":"https:\/\/www.oparanews.com.br\/index.php\/wp-json\/wp\/v2\/users\/1"}],"replies":[{"embeddable":true,"href":"https:\/\/www.oparanews.com.br\/index.php\/wp-json\/wp\/v2\/comments?post=6153"}],"version-history":[{"count":0,"href":"https:\/\/www.oparanews.com.br\/index.php\/wp-json\/wp\/v2\/posts\/6153\/revisions"}],"wp:attachment":[{"href":"https:\/\/www.oparanews.com.br\/index.php\/wp-json\/wp\/v2\/media?parent=6153"}],"wp:term":[{"taxonomy":"category","embeddable":true,"href":"https:\/\/www.oparanews.com.br\/index.php\/wp-json\/wp\/v2\/categories?post=6153"},{"taxonomy":"post_tag","embeddable":true,"href":"https:\/\/www.oparanews.com.br\/index.php\/wp-json\/wp\/v2\/tags?post=6153"}],"curies":[{"name":"wp","href":"https:\/\/api.w.org\/{rel}","templated":true}]}}