{"id":6159,"date":"2020-05-08T02:33:53","date_gmt":"2020-05-08T02:33:53","guid":{"rendered":"https:\/\/oparanews.com.br\/?p=6159"},"modified":"2020-05-08T02:33:53","modified_gmt":"2020-05-08T02:33:53","slug":"bolsonaro-fala-em-10-milhoes-de-desempregados-com-crise","status":"publish","type":"post","link":"https:\/\/www.oparanews.com.br\/index.php\/2020\/05\/08\/bolsonaro-fala-em-10-milhoes-de-desempregados-com-crise\/","title":{"rendered":"Bolsonaro fala em 10 milh\u00f5es de desempregados com crise"},"content":{"rendered":"<p>O presidente Jair Bolsonaro disse hoje que o Brasil &#8220;se aproxima de 10 milh\u00f5es de pessoas que perderam emprego de carteira assinada&#8221;, mas n\u00e3o apresentou os levantamentos estat\u00edsticos que comprovam o encolhimento no mercado de trabalho formal no Pa\u00eds nessa magnitude.<\/p>\n<p>&#8220;Se aproxima 10 milh\u00f5es de pessoas que perderam emprego de carteira assinada&#8221;, disse o presidente ao chegar ao Pal\u00e1cio da Alvorada no in\u00edcio da noite. Segundo ele, dos 38 milh\u00f5es de aut\u00f4nomos, 80% perderam poder aquisitivo.<\/p>\n<p>Uma demiss\u00e3o de 10 milh\u00f5es, como citou o presidente, mostraria que a pandemia do novo coronav\u00edrus foi capaz de, sozinha, dizimar praticamente um ter\u00e7o do mercado de trabalho formal no Brasil. O Pa\u00eds tem hoje cerca de 33 milh\u00f5es de trabalhadores com carteira assinada.<\/p>\n<p>Ao ser confrontado pelos jornalistas sobre a origem do n\u00famero, Bolsonaro disse que ele foi repassado pelo ministro da Economia, Paulo Guedes, e que ele mesmo, o presidente, tinha se surpreendido. Mas afirmou que tem visto que num pequeno com\u00e9rcio de cinco empregados, a pr\u00e1tica mostra que tr\u00eas t\u00eam sido demitidos. Sobre o dado dos aut\u00f4nomos, Bolsonaro afirmou que era da Organiza\u00e7\u00e3o Internacional do Trabalho (OIT), sem entrar em detalhes.<\/p>\n<p>Questionado sobre a origem do dado e sobre como a equipe econ\u00f4mica avalia tamanho impacto no mercado de trabalho apesar das medidas adotadas, com recursos p\u00fablicos, para manter os empregos, o Minist\u00e9rio da Economia informou que &#8220;n\u00e3o ir\u00e1 se manifestar&#8221;.<\/p>\n<p>O Cadastro Geral de Empregados e Desempregados (Caged), que re\u00fane essas informa\u00e7\u00f5es e \u00e9 mantido pela Secretaria Especial de Previd\u00eancia e Trabalho, est\u00e1 com a divulga\u00e7\u00e3o suspensa porque as empresas est\u00e3o com dificuldades para enviar os dados em meio \u00e0 pandemia e uma mudan\u00e7a nos sistemas da pasta. O \u00faltimo n\u00famero, divulgado em janeiro, foi referente ao fechamento do ano de 2019.<\/p>\n<p>O term\u00f4metro mais pr\u00f3ximo seria o n\u00famero de pedidos de seguro-desemprego, que somaram 804.538 entre o come\u00e7o de mar\u00e7o e a primeira quinzena de abril de 2020. Outros 200 mil pedidos devem estar represados devido ao fechamento de ag\u00eancias do Sine, segundo os pr\u00f3prios t\u00e9cnicos da \u00e1rea econ\u00f4mica anunciaram na semana passada. Ou seja, pelas n\u00fameros oficiais do Minist\u00e9rio da Economia, o desemprego como consequ\u00eancia da pandemia teria atingido 1 milh\u00e3o de pessoas, aumento de 150 mil em rela\u00e7\u00e3o ao mesmo per\u00edodo do ano passado.<\/p>\n<p>J\u00e1 a Pnad Cont\u00ednua, pesquisa sobre o mercado de trabalho do IBGE, mostra uma melhora no mercado de trabalho formal no primeiro trimestre deste ano ante igual per\u00edodo de 2019 &#8211; o dado mais recente divulgado pelo \u00f3rg\u00e3o. O n\u00famero de trabalhadores do setor privado com carteira aumentou em 178 mil nessa compara\u00e7\u00e3o. Na compara\u00e7\u00e3o com o \u00faltimo trimestre de 2019, houve demiss\u00e3o l\u00edquida de 572 mil, um movimento sazonal t\u00edpico de in\u00edcio de ano ap\u00f3s o t\u00e9rmino das contrata\u00e7\u00f5es tempor\u00e1rias feitas no per\u00edodo das festas de fim de ano.<\/p>\n<p>O discurso da equipe econ\u00f4mica tem ido na dire\u00e7\u00e3o contr\u00e1ria. Hoje mesmo, o secret\u00e1rio especial de Previd\u00eancia e Trabalho, Bruno Bianco, divulgou v\u00eddeo nas redes sociais comemorando a manuten\u00e7\u00e3o de 6 milh\u00f5es de empregos formais a partir das negocia\u00e7\u00f5es para reduzir jornada e sal\u00e1rio ou suspender contratos.<\/p>\n<p>O governo prev\u00ea gastar R$ 51,2 bilh\u00f5es para pagar benef\u00edcios aos trabalhadores, numa compensa\u00e7\u00e3o pela perda tempor\u00e1ria no sal\u00e1rio. Com isso, espera que a crise resulte num n\u00famero bem menor de demiss\u00f5es, por volta de 3,2 milh\u00f5es.<\/p>\n<p>A declara\u00e7\u00e3o do presidente foi dada no mesmo dia em que Bolsonaro foi pressionado por setores da ind\u00fastria a adotar medidas de retomada da atividade econ\u00f4mica. Ele recebeu os empres\u00e1rios acompanhado do ministro da Economia, Paulo Guedes. O grupo seguiu depois a p\u00e9 para o Supremo Tribunal Federal (STF), onde se reuniu com o presidente da Corte, ministro Dias Toffoli.<\/p>\n<p>O presidente assinou e publicou hoje um decreto que inclui o setor de constru\u00e7\u00e3o civil e as atividades industriais no rol de atividades essenciais, que podem funcionar durante a pandemia da covid-19, desde que &#8220;obedecidas as determina\u00e7\u00f5es do Minist\u00e9rio da Sa\u00fade&#8221;. A norma vem num momento em que um n\u00famero cada vez maior de munic\u00edpios tem adotado ou falado em adotar medidas de &#8220;lockdown&#8221; (confinamento obrigat\u00f3rio) na tentativa de conter o avan\u00e7o da doen\u00e7a.<\/p>\n<p>&#8220;Vamos colocar novas categorias com responsabilidade e observando as normas do Minist\u00e9rio da Sa\u00fade. Porque sen\u00e3o, depois da UTI, \u00e9 o cemit\u00e9rio, e n\u00e3o queremos isso para o Brasil&#8221;, disse hoje o presidente Bolsonaro ao falar do decreto.<\/p>\n<p>&nbsp;<\/p>\n<p><strong>Fonte: Terra<\/strong><\/p>\n<p>&nbsp;<\/p>\n","protected":false},"excerpt":{"rendered":"<p>O presidente Jair Bolsonaro disse hoje que o Brasil &#8220;se aproxima de 10 milh\u00f5es de pessoas que perderam emprego de carteira assinada&#8221;, mas n\u00e3o apresentou os levantamentos estat\u00edsticos que comprovam o encolhimento no mercado de trabalho formal no Pa\u00eds nessa magnitude. &#8220;Se aproxima 10 milh\u00f5es de pessoas que perderam emprego de carteira assinada&#8221;, disse o &hellip;<\/p>\n","protected":false},"author":1,"featured_media":6160,"comment_status":"open","ping_status":"open","sticky":false,"template":"","format":"standard","meta":{"_jetpack_newsletter_access":"","_jetpack_dont_email_post_to_subs":false,"_jetpack_newsletter_tier_id":0,"_jetpack_memberships_contains_paywalled_content":false,"_jetpack_memberships_contains_paid_content":false,"footnotes":""},"categories":[1],"tags":[],"class_list":["post-6159","post","type-post","status-publish","format-standard","has-post-thumbnail","hentry","category-destaque"],"jetpack_sharing_enabled":true,"jetpack_featured_media_url":"","_links":{"self":[{"href":"https:\/\/www.oparanews.com.br\/index.php\/wp-json\/wp\/v2\/posts\/6159","targetHints":{"allow":["GET"]}}],"collection":[{"href":"https:\/\/www.oparanews.com.br\/index.php\/wp-json\/wp\/v2\/posts"}],"about":[{"href":"https:\/\/www.oparanews.com.br\/index.php\/wp-json\/wp\/v2\/types\/post"}],"author":[{"embeddable":true,"href":"https:\/\/www.oparanews.com.br\/index.php\/wp-json\/wp\/v2\/users\/1"}],"replies":[{"embeddable":true,"href":"https:\/\/www.oparanews.com.br\/index.php\/wp-json\/wp\/v2\/comments?post=6159"}],"version-history":[{"count":0,"href":"https:\/\/www.oparanews.com.br\/index.php\/wp-json\/wp\/v2\/posts\/6159\/revisions"}],"wp:attachment":[{"href":"https:\/\/www.oparanews.com.br\/index.php\/wp-json\/wp\/v2\/media?parent=6159"}],"wp:term":[{"taxonomy":"category","embeddable":true,"href":"https:\/\/www.oparanews.com.br\/index.php\/wp-json\/wp\/v2\/categories?post=6159"},{"taxonomy":"post_tag","embeddable":true,"href":"https:\/\/www.oparanews.com.br\/index.php\/wp-json\/wp\/v2\/tags?post=6159"}],"curies":[{"name":"wp","href":"https:\/\/api.w.org\/{rel}","templated":true}]}}