{"id":6172,"date":"2020-05-08T19:56:20","date_gmt":"2020-05-08T19:56:20","guid":{"rendered":"https:\/\/oparanews.com.br\/?p=6172"},"modified":"2020-05-08T19:56:20","modified_gmt":"2020-05-08T19:56:20","slug":"operacao-integrada-prende-suspeitos-de-trafico-de-drogas-e-homicidios-em-maceio","status":"publish","type":"post","link":"https:\/\/www.oparanews.com.br\/index.php\/2020\/05\/08\/operacao-integrada-prende-suspeitos-de-trafico-de-drogas-e-homicidios-em-maceio\/","title":{"rendered":"Opera\u00e7\u00e3o integrada prende suspeitos de tr\u00e1fico de drogas e homic\u00eddios em Macei\u00f3"},"content":{"rendered":"<p>Nove pessoas foram presas em uma opera\u00e7\u00e3o integrada realizada na manh\u00e3 desta sexta-feira (8) pela Secretaria de Seguran\u00e7a P\u00fablica do Estado (SSP), com o apoio das pol\u00edcias Civil e Militar. Os presos s\u00e3o suspeitos de tr\u00e1fico de drogas e homic\u00eddios no bairro do Po\u00e7o, em Macei\u00f3.<\/p>\n<p>Foram presos 6 homens e 3 mulheres no Vale do Reginaldo e proximidades e no bairro da Santa L\u00facia, na parte alta de Macei\u00f3.<\/p>\n<p>A opera\u00e7\u00e3o denominada Neutra, tinha como objetivo cumprir 11 mandados de pris\u00e3o expedidos pela 17\u00aa Vara Criminal da Capital. Foram 14 meses de investiga\u00e7\u00e3o feita pela Divis\u00e3o Especial de Investiga\u00e7\u00f5es e Capturas (Deic), coordenada pelo delegado Gustavo Henrique, sobre homic\u00eddios e tr\u00e1fico de entorpecentes no Vale do Reginaldo e regi\u00e3o.<\/p>\n<p>Os presos foram encaminhados para a sede da Deic, na Santa Am\u00e9lia, para que fossem realizados os procedimentos cab\u00edveis.<\/p>\n<p>A opera\u00e7\u00e3o contou ainda com a participa\u00e7\u00e3o do 1\u00ba e do 5\u00ba Batalh\u00e3o da Pol\u00edcia Militar, do Batalh\u00e3o de Policiamento de Eventos (BPE), do Batalh\u00e3o de Policiamento de Tr\u00e2nsito (BPTran), do Comando de Policiamento da Capital (CPC) e o Grupamento A\u00e9reo.<\/p>\n<p>&nbsp;<\/p>\n<p><strong>Fonte: G1\/AL<\/strong><\/p>\n<p>&nbsp;<\/p>\n","protected":false},"excerpt":{"rendered":"<p>Nove pessoas foram presas em uma opera\u00e7\u00e3o integrada realizada na manh\u00e3 desta sexta-feira (8) pela Secretaria de Seguran\u00e7a P\u00fablica do Estado (SSP), com o apoio das pol\u00edcias Civil e Militar. Os presos s\u00e3o suspeitos de tr\u00e1fico de drogas e homic\u00eddios no bairro do Po\u00e7o, em Macei\u00f3. Foram presos 6 homens e 3 mulheres no Vale &hellip;<\/p>\n","protected":false},"author":1,"featured_media":6173,"comment_status":"open","ping_status":"open","sticky":false,"template":"","format":"standard","meta":{"_jetpack_newsletter_access":"","_jetpack_dont_email_post_to_subs":false,"_jetpack_newsletter_tier_id":0,"_jetpack_memberships_contains_paywalled_content":false,"_jetpack_memberships_contains_paid_content":false,"footnotes":""},"categories":[1],"tags":[],"class_list":["post-6172","post","type-post","status-publish","format-standard","has-post-thumbnail","hentry","category-destaque"],"jetpack_sharing_enabled":true,"jetpack_featured_media_url":"","_links":{"self":[{"href":"https:\/\/www.oparanews.com.br\/index.php\/wp-json\/wp\/v2\/posts\/6172","targetHints":{"allow":["GET"]}}],"collection":[{"href":"https:\/\/www.oparanews.com.br\/index.php\/wp-json\/wp\/v2\/posts"}],"about":[{"href":"https:\/\/www.oparanews.com.br\/index.php\/wp-json\/wp\/v2\/types\/post"}],"author":[{"embeddable":true,"href":"https:\/\/www.oparanews.com.br\/index.php\/wp-json\/wp\/v2\/users\/1"}],"replies":[{"embeddable":true,"href":"https:\/\/www.oparanews.com.br\/index.php\/wp-json\/wp\/v2\/comments?post=6172"}],"version-history":[{"count":0,"href":"https:\/\/www.oparanews.com.br\/index.php\/wp-json\/wp\/v2\/posts\/6172\/revisions"}],"wp:attachment":[{"href":"https:\/\/www.oparanews.com.br\/index.php\/wp-json\/wp\/v2\/media?parent=6172"}],"wp:term":[{"taxonomy":"category","embeddable":true,"href":"https:\/\/www.oparanews.com.br\/index.php\/wp-json\/wp\/v2\/categories?post=6172"},{"taxonomy":"post_tag","embeddable":true,"href":"https:\/\/www.oparanews.com.br\/index.php\/wp-json\/wp\/v2\/tags?post=6172"}],"curies":[{"name":"wp","href":"https:\/\/api.w.org\/{rel}","templated":true}]}}