{"id":6175,"date":"2020-05-08T19:57:41","date_gmt":"2020-05-08T19:57:41","guid":{"rendered":"https:\/\/oparanews.com.br\/?p=6175"},"modified":"2020-05-08T19:57:41","modified_gmt":"2020-05-08T19:57:41","slug":"prefeitura-de-penedo-atualiza-medidas-de-combate-ao-coronavirus","status":"publish","type":"post","link":"https:\/\/www.oparanews.com.br\/index.php\/2020\/05\/08\/prefeitura-de-penedo-atualiza-medidas-de-combate-ao-coronavirus\/","title":{"rendered":"Prefeitura de Penedo atualiza medidas de combate ao coronav\u00edrus"},"content":{"rendered":"<p>A Prefeitura de Penedo atualizou medidas de enfretamento da pandemia do coronav\u00edrus (Covid-19) por meio do Decreto Municipal N\u00ba 676\/2020, publicado na edi\u00e7\u00e3o desta quinta-feira, 07 de maio, no Di\u00e1rio Oficial do Munic\u00edpio.<\/p>\n<p>O ato do Prefeito M\u00e1rcius Beltr\u00e3o visa preservar a popula\u00e7\u00e3o penedense e est\u00e1 em conson\u00e2ncia com a\u00e7\u00f5es do governo estadual para conter a propaga\u00e7\u00e3o do v\u00edrus. Segundo a Secretaria de Estado da Sa\u00fade, 98 pessoas morreram infectadas por Covid-19, somente em Alagoas, conforme o boletim epidemiol\u00f3gico de quinta-feira, 07.<\/p>\n<p>O Decreto Municipal n\u00ba 676\/2020 torna obrigat\u00f3rio o uso de m\u00e1scara pela popula\u00e7\u00e3o, em qualquer local p\u00fablico ou estabelecimento comercial.<\/p>\n<p>Al\u00e9m disso, o ato veda a pr\u00e1tica de qualquer atividade nas praias fluviais, lagoas, pra\u00e7as, ruas e cal\u00e7adas pr\u00f3ximas do Rio S\u00e3o Francisco. A perman\u00eancia de pessoas ou aglomera\u00e7\u00f5es em vias p\u00fablicas est\u00e1 suspensa para evitar o cont\u00e1gio da doen\u00e7a que j\u00e1 causou mais de 9 mil \u00f3bitos no Brasil.<\/p>\n<p>O documento estabelece ainda a interrup\u00e7\u00e3o de reuni\u00f5es de car\u00e1ter social, esportivo ou cultural, assegurando o direito de ir e vir das pessoas, desde que estejam utilizando m\u00e1scara.<\/p>\n<p>Sobre atividades de com\u00e9rcio, ind\u00fastria e servi\u00e7o autorizadas a funcionar, o propriet\u00e1rio s\u00f3 deve permitir o acesso de cliente que estiver utilizando m\u00e1scara, e aferir a temperatura de seus colaboradores, diariamente, preferencialmente com uso de term\u00f4metro de aproxima\u00e7\u00e3o.<\/p>\n<p>O trabalhador que estiver com temperatura maior ou igual a 37,3 graus deve ser afastado imediatamente, medida que precisar\u00e1 ser informada \u00e0s autoridades da Sa\u00fade.<\/p>\n<p>O empres\u00e1rio tamb\u00e9m precisa afastar, imediatamente, o funcion\u00e1rio que apresentar sintomas gripais e tamb\u00e9m os que se enquadram no grupo de risco, mantendo sal\u00e1rio, e comunicando o afastamento.<\/p>\n<p>Sobre o servi\u00e7o de entrega em domic\u00edlio, o Decreto Municipal prev\u00ea a obrigatoriedade do uso de m\u00e1scaras e luvas para os entregadores.<\/p>\n<p>Todas as medidas j\u00e1 est\u00e3o em vigor e permanecem v\u00e1lidas at\u00e9 o pr\u00f3ximo dia 20 de maio.<\/p>\n<p>&nbsp;<\/p>\n<p><strong>por Fernando Vin\u00edcius \u2013 Decom PMP<\/strong><\/p>\n<p>&nbsp;<\/p>\n","protected":false},"excerpt":{"rendered":"<p>A Prefeitura de Penedo atualizou medidas de enfretamento da pandemia do coronav\u00edrus (Covid-19) por meio do Decreto Municipal N\u00ba 676\/2020, publicado na edi\u00e7\u00e3o desta quinta-feira, 07 de maio, no Di\u00e1rio Oficial do Munic\u00edpio. O ato do Prefeito M\u00e1rcius Beltr\u00e3o visa preservar a popula\u00e7\u00e3o penedense e est\u00e1 em conson\u00e2ncia com a\u00e7\u00f5es do governo estadual para conter &hellip;<\/p>\n","protected":false},"author":1,"featured_media":6176,"comment_status":"open","ping_status":"open","sticky":false,"template":"","format":"standard","meta":{"_jetpack_newsletter_access":"","_jetpack_dont_email_post_to_subs":false,"_jetpack_newsletter_tier_id":0,"_jetpack_memberships_contains_paywalled_content":false,"_jetpack_memberships_contains_paid_content":false,"footnotes":""},"categories":[1],"tags":[],"class_list":["post-6175","post","type-post","status-publish","format-standard","has-post-thumbnail","hentry","category-destaque"],"jetpack_sharing_enabled":true,"jetpack_featured_media_url":"","_links":{"self":[{"href":"https:\/\/www.oparanews.com.br\/index.php\/wp-json\/wp\/v2\/posts\/6175","targetHints":{"allow":["GET"]}}],"collection":[{"href":"https:\/\/www.oparanews.com.br\/index.php\/wp-json\/wp\/v2\/posts"}],"about":[{"href":"https:\/\/www.oparanews.com.br\/index.php\/wp-json\/wp\/v2\/types\/post"}],"author":[{"embeddable":true,"href":"https:\/\/www.oparanews.com.br\/index.php\/wp-json\/wp\/v2\/users\/1"}],"replies":[{"embeddable":true,"href":"https:\/\/www.oparanews.com.br\/index.php\/wp-json\/wp\/v2\/comments?post=6175"}],"version-history":[{"count":0,"href":"https:\/\/www.oparanews.com.br\/index.php\/wp-json\/wp\/v2\/posts\/6175\/revisions"}],"wp:attachment":[{"href":"https:\/\/www.oparanews.com.br\/index.php\/wp-json\/wp\/v2\/media?parent=6175"}],"wp:term":[{"taxonomy":"category","embeddable":true,"href":"https:\/\/www.oparanews.com.br\/index.php\/wp-json\/wp\/v2\/categories?post=6175"},{"taxonomy":"post_tag","embeddable":true,"href":"https:\/\/www.oparanews.com.br\/index.php\/wp-json\/wp\/v2\/tags?post=6175"}],"curies":[{"name":"wp","href":"https:\/\/api.w.org\/{rel}","templated":true}]}}