{"id":6184,"date":"2020-05-08T20:08:20","date_gmt":"2020-05-08T20:08:20","guid":{"rendered":"https:\/\/oparanews.com.br\/?p=6184"},"modified":"2020-05-08T20:08:20","modified_gmt":"2020-05-08T20:08:20","slug":"antonio-albuquerque-protesta-contra-metodo-de-prevencao-a-covid-19","status":"publish","type":"post","link":"https:\/\/www.oparanews.com.br\/index.php\/2020\/05\/08\/antonio-albuquerque-protesta-contra-metodo-de-prevencao-a-covid-19\/","title":{"rendered":"Ant\u00f4nio Albuquerque protesta contra m\u00e9todo de preven\u00e7\u00e3o \u00e0 Covid-19"},"content":{"rendered":"<p>Um v\u00eddeo que circula nas redes sociais chamou aten\u00e7\u00e3o na manh\u00e3 desta sexta-feira (8). Nele, o deputado estadual Ant\u00f4nio Albuquerque (PTB) aparece incomodado com o uso de m\u00e1scaras como forma de preven\u00e7\u00e3o \u00e0 Covid-19. No \u00faltimo dia 27, o parlamentar utilizou as redes sociais para anunciar que foi diagnosticado com o novo coronav\u00edrus.<\/p>\n<p>Pelas imagens, \u00e9 poss\u00edvel observar que o parlamentar ainda chama o governador Renan Filho (MDB) de &#8220;comunista rid\u00edculo&#8221; pelo fato de endurecer as medidas de isolamento social em Alagoas.<\/p>\n<p>O deputado chega a dizer, aos gritos, que &#8220;isso \u00e9 uma pouca vergonha. Est\u00e3o querendo dizer que um homem respirando a pr\u00f3pria saliva est\u00e1 melhor do que respirando ar puro? Isso \u00e9 rid\u00edculo. Isso \u00e9 uma covardia e a popula\u00e7\u00e3o aceitando calada, acovardada. Isso \u00e9 uma vergonha&#8221;.<\/p>\n<p>A reportagem tenta contato, por telefone, com o deputado estadual.<\/p>\n<p>https:\/\/www.youtube.com\/watch?time_continue=14&#038;v=5UIIJeVN39c&#038;feature=emb_logo<\/p>\n<p>&nbsp;<\/p>\n<p><strong>Fonte: Gazetaweb<\/strong><\/p>\n<p>&nbsp;<\/p>\n","protected":false},"excerpt":{"rendered":"<p>Um v\u00eddeo que circula nas redes sociais chamou aten\u00e7\u00e3o na manh\u00e3 desta sexta-feira (8). Nele, o deputado estadual Ant\u00f4nio Albuquerque (PTB) aparece incomodado com o uso de m\u00e1scaras como forma de preven\u00e7\u00e3o \u00e0 Covid-19. No \u00faltimo dia 27, o parlamentar utilizou as redes sociais para anunciar que foi diagnosticado com o novo coronav\u00edrus. Pelas imagens, &hellip;<\/p>\n","protected":false},"author":1,"featured_media":6185,"comment_status":"open","ping_status":"open","sticky":false,"template":"","format":"standard","meta":{"_jetpack_newsletter_access":"","_jetpack_dont_email_post_to_subs":false,"_jetpack_newsletter_tier_id":0,"_jetpack_memberships_contains_paywalled_content":false,"_jetpack_memberships_contains_paid_content":false,"footnotes":""},"categories":[1],"tags":[],"class_list":["post-6184","post","type-post","status-publish","format-standard","has-post-thumbnail","hentry","category-destaque"],"jetpack_sharing_enabled":true,"jetpack_featured_media_url":"","_links":{"self":[{"href":"https:\/\/www.oparanews.com.br\/index.php\/wp-json\/wp\/v2\/posts\/6184","targetHints":{"allow":["GET"]}}],"collection":[{"href":"https:\/\/www.oparanews.com.br\/index.php\/wp-json\/wp\/v2\/posts"}],"about":[{"href":"https:\/\/www.oparanews.com.br\/index.php\/wp-json\/wp\/v2\/types\/post"}],"author":[{"embeddable":true,"href":"https:\/\/www.oparanews.com.br\/index.php\/wp-json\/wp\/v2\/users\/1"}],"replies":[{"embeddable":true,"href":"https:\/\/www.oparanews.com.br\/index.php\/wp-json\/wp\/v2\/comments?post=6184"}],"version-history":[{"count":0,"href":"https:\/\/www.oparanews.com.br\/index.php\/wp-json\/wp\/v2\/posts\/6184\/revisions"}],"wp:attachment":[{"href":"https:\/\/www.oparanews.com.br\/index.php\/wp-json\/wp\/v2\/media?parent=6184"}],"wp:term":[{"taxonomy":"category","embeddable":true,"href":"https:\/\/www.oparanews.com.br\/index.php\/wp-json\/wp\/v2\/categories?post=6184"},{"taxonomy":"post_tag","embeddable":true,"href":"https:\/\/www.oparanews.com.br\/index.php\/wp-json\/wp\/v2\/tags?post=6184"}],"curies":[{"name":"wp","href":"https:\/\/api.w.org\/{rel}","templated":true}]}}