{"id":6187,"date":"2020-05-08T20:13:41","date_gmt":"2020-05-08T20:13:41","guid":{"rendered":"https:\/\/oparanews.com.br\/?p=6187"},"modified":"2020-05-08T20:13:41","modified_gmt":"2020-05-08T20:13:41","slug":"oms-diz-que-sera-preciso-alterar-estilo-de-vida-ate-o-fim-da-pandemia","status":"publish","type":"post","link":"https:\/\/www.oparanews.com.br\/index.php\/2020\/05\/08\/oms-diz-que-sera-preciso-alterar-estilo-de-vida-ate-o-fim-da-pandemia\/","title":{"rendered":"OMS diz que ser\u00e1 preciso alterar estilo de vida at\u00e9 o fim da pandemia"},"content":{"rendered":"<p>O diretor do programa de emerg\u00eancias da Organiza\u00e7\u00e3o Mundial da Sa\u00fade (OMS), Michael Ryan, afirmou nesta sexta-feira, 8, que h\u00e1 um caminho para o fim da pandemia, mas que \u00e9 preciso continuar vigilante e adotar mudan\u00e7as no modo de viver at\u00e9 l\u00e1. As declara\u00e7\u00f5es foram dadas no dia em que se completam 40 anos da erradica\u00e7\u00e3o da var\u00edola &#8211; uma das doen\u00e7as mais mortais da humanidade &#8211; e as autoridades da OMS lembraram que a atua\u00e7\u00e3o conjunta dos pa\u00edses na \u00e9poca deve servir de exemplo na luta contra a covid-19.<\/p>\n<p>&#8220;Precisaremos ter altera\u00e7\u00f5es significativas no nosso estilo de vida at\u00e9 o ponto de termos uma vacina e tratamentos. E isso n\u00e3o \u00e9 de todo ruim&#8221;, afirmou Ryan, lembrando que a atual situa\u00e7\u00e3o deve continuar por algum tempo. &#8220;Vimos benef\u00edcios para o meio ambiente e para a nossa conex\u00e3o com outras pessoas. \u00c9 um grande desafio, mas alguns pa\u00edses que saem do &#8216;lockdown&#8217; podem oferecer esperan\u00e7a para outros&#8221;.<\/p>\n<p>Ryan comentou que \u00e9 preciso que os pa\u00edses tenham solidariedade, transfiram recursos materiais e ajudem uns aos outros. &#8220;Com solidariedade vamos vencer essa batalha, ningu\u00e9m est\u00e1 a salvo enquanto todos n\u00e3o estiverem salvos&#8221;, disse, enfatizando a necessidade de refor\u00e7ar os sistemas de sa\u00fade p\u00fablica.<\/p>\n<p>Var\u00edola As autoridades da OMS destacaram o trabalho coordenado da entidade e dos pa\u00edses-membos para erradicar a var\u00edola, a primeira e \u00fanica doen\u00e7a humana a ser erradicada globalmente. Ela existiu por mais de 3 mil anos e matou 300 milh\u00f5es de pessoas apenas no s\u00e9culo 20.<\/p>\n<p>Tedros Adhanom Ghebreyesus, diretor-geral da OMS, lembrou que essa hist\u00f3ria, a maior vit\u00f3ria da sa\u00fade p\u00fablica do mundo, deve inspirar na luta contra a pandemia do coronav\u00edrus, que j\u00e1 contaminou mais de 3,8 milh\u00f5es de pessoas e causou 271 mil mortes.<\/p>\n<p>Ele lembrou que o principal fator respons\u00e1vel para erradicar a var\u00edola n\u00e3o foi apenas uma vacina, mas sim a solidariedade que permitiu sua distribui\u00e7\u00e3o e aplica\u00e7\u00e3o nos anos 1960 e 1970. Na \u00e9poca, durante a Guerra Fria, Uni\u00e3o Sovi\u00e9tica e Estados Unidos se uniram para combater o v\u00edrus. &#8220;Eles reconheceram que o v\u00edrus n\u00e3o respeita fronteiras nem ideologias. Essa mesma solidariedade, constru\u00edda na unidade nacional, \u00e9 necess\u00e1ria agora mais do que nunca para combater a covid-19&#8221;, disse.<\/p>\n<p>A OMS tamb\u00e9m reafirmou os objetivos estrat\u00e9gicos de seu plano de resposta \u00e0 covid-19: mobilizar todos os setores e comunidades, controlar casos espor\u00e1dicos e de grupos, isolando-os rapidamente, acabar com a transmiss\u00e3o comunit\u00e1ria com preven\u00e7\u00e3o, controle de infec\u00e7\u00f5es e distanciamento f\u00edsico, reduzir a mortalidade e desenvolver vacinas e medicamentos seguros e eficazes.<\/p>\n<p>&nbsp;<\/p>\n<p><strong>Fonte: Estad\u00e3o<\/strong><\/p>\n<p>&nbsp;<\/p>\n","protected":false},"excerpt":{"rendered":"<p>O diretor do programa de emerg\u00eancias da Organiza\u00e7\u00e3o Mundial da Sa\u00fade (OMS), Michael Ryan, afirmou nesta sexta-feira, 8, que h\u00e1 um caminho para o fim da pandemia, mas que \u00e9 preciso continuar vigilante e adotar mudan\u00e7as no modo de viver at\u00e9 l\u00e1. As declara\u00e7\u00f5es foram dadas no dia em que se completam 40 anos da &hellip;<\/p>\n","protected":false},"author":1,"featured_media":6188,"comment_status":"open","ping_status":"open","sticky":false,"template":"","format":"standard","meta":{"_jetpack_newsletter_access":"","_jetpack_dont_email_post_to_subs":false,"_jetpack_newsletter_tier_id":0,"_jetpack_memberships_contains_paywalled_content":false,"_jetpack_memberships_contains_paid_content":false,"footnotes":""},"categories":[1],"tags":[],"class_list":["post-6187","post","type-post","status-publish","format-standard","has-post-thumbnail","hentry","category-destaque"],"jetpack_sharing_enabled":true,"jetpack_featured_media_url":"","_links":{"self":[{"href":"https:\/\/www.oparanews.com.br\/index.php\/wp-json\/wp\/v2\/posts\/6187","targetHints":{"allow":["GET"]}}],"collection":[{"href":"https:\/\/www.oparanews.com.br\/index.php\/wp-json\/wp\/v2\/posts"}],"about":[{"href":"https:\/\/www.oparanews.com.br\/index.php\/wp-json\/wp\/v2\/types\/post"}],"author":[{"embeddable":true,"href":"https:\/\/www.oparanews.com.br\/index.php\/wp-json\/wp\/v2\/users\/1"}],"replies":[{"embeddable":true,"href":"https:\/\/www.oparanews.com.br\/index.php\/wp-json\/wp\/v2\/comments?post=6187"}],"version-history":[{"count":0,"href":"https:\/\/www.oparanews.com.br\/index.php\/wp-json\/wp\/v2\/posts\/6187\/revisions"}],"wp:attachment":[{"href":"https:\/\/www.oparanews.com.br\/index.php\/wp-json\/wp\/v2\/media?parent=6187"}],"wp:term":[{"taxonomy":"category","embeddable":true,"href":"https:\/\/www.oparanews.com.br\/index.php\/wp-json\/wp\/v2\/categories?post=6187"},{"taxonomy":"post_tag","embeddable":true,"href":"https:\/\/www.oparanews.com.br\/index.php\/wp-json\/wp\/v2\/tags?post=6187"}],"curies":[{"name":"wp","href":"https:\/\/api.w.org\/{rel}","templated":true}]}}