{"id":6190,"date":"2020-05-09T01:11:02","date_gmt":"2020-05-09T01:11:02","guid":{"rendered":"https:\/\/oparanews.com.br\/?p=6190"},"modified":"2020-05-09T01:11:02","modified_gmt":"2020-05-09T01:11:02","slug":"barreiras-sanitarias-em-penedo-3-434-pessoas-tiveram-temperatura-verificada-em-24-horas","status":"publish","type":"post","link":"https:\/\/www.oparanews.com.br\/index.php\/2020\/05\/09\/barreiras-sanitarias-em-penedo-3-434-pessoas-tiveram-temperatura-verificada-em-24-horas\/","title":{"rendered":"Barreiras Sanit\u00e1rias em Penedo: 3.434 pessoas tiveram temperatura verificada em 24 horas"},"content":{"rendered":"<p>Um dos motivos que impedem a passagem de pessoas nas barreiras sanit\u00e1rias instaladas pela Prefeitura de Penedo nos principais acessos da cidade \u00e9 a constata\u00e7\u00e3o de estado febril. Quem estiver com temperatura igual ou superior a 37,3 graus n\u00e3o pode passar porque o sintoma pode ser decorrente de cont\u00e1gio por Covid-19.<\/p>\n<p>A verifica\u00e7\u00e3o \u00e9 parte da rotina de trabalho dos servidores e foi aplicada em 3.434 pessoas no intervalo de 24 horas, entre ontem e hoje, sexta-feira, 08 de mar\u00e7o.<\/p>\n<p>Felizmente, o procedimento indicou a aus\u00eancia do sintoma, comprovado na manuten\u00e7\u00e3o do total de pessoas (73) que retornaram das barreiras por estarem em estado febril, comparando os dados dos dois mais recentes boletins das barreiras, mais um servi\u00e7o da gest\u00e3o que se empenha em proteger a popula\u00e7\u00e3o penedense.<\/p>\n<p>O levantamento iniciado em 26 de mar\u00e7o indica tamb\u00e9m o retorno de 2.402 ve\u00edculos (motos e carros) at\u00e9 hoje, 80 a mais do que a quantidade registrada at\u00e9 esta quinta-feira, 07. Das lanchas que aportam em Penedo, 600 pessoas tiveram que voltar ao local de origem, no per\u00edodo de 26\/03 at\u00e9 hoje (sexta-feira, 08).<\/p>\n<p>Os demais casos relacionados \u00e0s barreiras sanit\u00e1rias de Penedo podem comparados nos quadros abaixo<\/p>\n<p><a href=\"https:\/\/oparanews.com.br\/wp-content\/uploads\/2020\/05\/barreira-sanitaria-penedo-07-maio.jpeg\"><img loading=\"lazy\" decoding=\"async\" class=\"alignleft size-medium wp-image-6195\" src=\"https:\/\/oparanews.com.br\/wp-content\/uploads\/2020\/05\/barreira-sanitaria-penedo-07-maio-254x300.jpeg\" alt=\"\" width=\"254\" height=\"300\" \/><\/a><a href=\"https:\/\/oparanews.com.br\/wp-content\/uploads\/2020\/05\/barreira-sanitaria-penedo-08-maio.jpeg\"><img loading=\"lazy\" decoding=\"async\" class=\"alignleft size-medium wp-image-6194\" src=\"https:\/\/oparanews.com.br\/wp-content\/uploads\/2020\/05\/barreira-sanitaria-penedo-08-maio-254x300.jpeg\" alt=\"\" width=\"254\" height=\"300\" \/><\/a><\/p>\n<p>&nbsp;<\/p>\n<p>&nbsp;<\/p>\n<p>&nbsp;<\/p>\n<p>&nbsp;<\/p>\n<p>&nbsp;<\/p>\n<p>&nbsp;<\/p>\n<p><strong>Boletim Covid-19<\/strong><\/p>\n<p>O boletim epidemiol\u00f3gico divulgado pela Secretaria Municipal de Sa\u00fade nesta sexta-feira, 08, mostra a perman\u00eancia de 4 casos confirmados de Covid-19 no munic\u00edpio e a inclus\u00e3o de mais um caso suspeito de contamina\u00e7\u00e3o.<\/p>\n<p>No comparativo com o boletim divulgado ontem, a classifica\u00e7\u00e3o suspeito passou de 2 para 3. Penedo tem uma ocorr\u00eancia de paciente recuperado da grave s\u00edndrome gripal e n\u00e3o tem \u00f3bito registrado por Covid-19.<\/p>\n<p><a href=\"https:\/\/oparanews.com.br\/wp-content\/uploads\/2020\/05\/boletim-covi-19-dia-07-maio.jpg\"><img loading=\"lazy\" decoding=\"async\" class=\"alignleft size-medium wp-image-6192\" src=\"https:\/\/oparanews.com.br\/wp-content\/uploads\/2020\/05\/boletim-covi-19-dia-07-maio-254x300.jpg\" alt=\"\" width=\"254\" height=\"300\" \/><\/a><a href=\"https:\/\/oparanews.com.br\/wp-content\/uploads\/2020\/05\/boletim-covi-19-08-de-maio.jpeg\"><img loading=\"lazy\" decoding=\"async\" class=\"alignleft size-medium wp-image-6191\" src=\"https:\/\/oparanews.com.br\/wp-content\/uploads\/2020\/05\/boletim-covi-19-08-de-maio-254x300.jpeg\" alt=\"\" width=\"254\" height=\"300\" \/><\/a><\/p>\n<p>&nbsp;<\/p>\n<p>&nbsp;<\/p>\n<p>&nbsp;<\/p>\n<p>&nbsp;<\/p>\n<p>&nbsp;<\/p>\n<p>&nbsp;<\/p>\n<p>Em Alagoas j\u00e1 s\u00e3o mais de duas mil (2.033) pessoas contaminadas por coronav\u00edrus at\u00e9 esta sexta-feira, 08. O n\u00famero de \u00f3bitos causados pela doen\u00e7a ultrapassou a caso dos 100 (108) at\u00e9 hoje, al\u00e9m de 820 recuperados e 1.376 suspeitos, segundo dados oficiais da Secretaria de Estado da Sa\u00fade.<\/p>\n<p>&nbsp;<\/p>\n<p><strong>por Fernando Vin\u00edcius \u2013 Decom PMP<\/strong><\/p>\n<p>&nbsp;<\/p>\n","protected":false},"excerpt":{"rendered":"<p>Um dos motivos que impedem a passagem de pessoas nas barreiras sanit\u00e1rias instaladas pela Prefeitura de Penedo nos principais acessos da cidade \u00e9 a constata\u00e7\u00e3o de estado febril. Quem estiver com temperatura igual ou superior a 37,3 graus n\u00e3o pode passar porque o sintoma pode ser decorrente de cont\u00e1gio por Covid-19. A verifica\u00e7\u00e3o \u00e9 parte &hellip;<\/p>\n","protected":false},"author":1,"featured_media":6193,"comment_status":"open","ping_status":"open","sticky":false,"template":"","format":"standard","meta":{"_jetpack_newsletter_access":"","_jetpack_dont_email_post_to_subs":false,"_jetpack_newsletter_tier_id":0,"_jetpack_memberships_contains_paywalled_content":false,"_jetpack_memberships_contains_paid_content":false,"footnotes":""},"categories":[1],"tags":[],"class_list":["post-6190","post","type-post","status-publish","format-standard","has-post-thumbnail","hentry","category-destaque"],"jetpack_sharing_enabled":true,"jetpack_featured_media_url":"","_links":{"self":[{"href":"https:\/\/www.oparanews.com.br\/index.php\/wp-json\/wp\/v2\/posts\/6190","targetHints":{"allow":["GET"]}}],"collection":[{"href":"https:\/\/www.oparanews.com.br\/index.php\/wp-json\/wp\/v2\/posts"}],"about":[{"href":"https:\/\/www.oparanews.com.br\/index.php\/wp-json\/wp\/v2\/types\/post"}],"author":[{"embeddable":true,"href":"https:\/\/www.oparanews.com.br\/index.php\/wp-json\/wp\/v2\/users\/1"}],"replies":[{"embeddable":true,"href":"https:\/\/www.oparanews.com.br\/index.php\/wp-json\/wp\/v2\/comments?post=6190"}],"version-history":[{"count":0,"href":"https:\/\/www.oparanews.com.br\/index.php\/wp-json\/wp\/v2\/posts\/6190\/revisions"}],"wp:attachment":[{"href":"https:\/\/www.oparanews.com.br\/index.php\/wp-json\/wp\/v2\/media?parent=6190"}],"wp:term":[{"taxonomy":"category","embeddable":true,"href":"https:\/\/www.oparanews.com.br\/index.php\/wp-json\/wp\/v2\/categories?post=6190"},{"taxonomy":"post_tag","embeddable":true,"href":"https:\/\/www.oparanews.com.br\/index.php\/wp-json\/wp\/v2\/tags?post=6190"}],"curies":[{"name":"wp","href":"https:\/\/api.w.org\/{rel}","templated":true}]}}