{"id":6197,"date":"2020-05-09T01:13:04","date_gmt":"2020-05-09T01:13:04","guid":{"rendered":"https:\/\/oparanews.com.br\/?p=6197"},"modified":"2020-05-09T01:13:04","modified_gmt":"2020-05-09T01:13:04","slug":"vereadores-debatem-projeto-relacionado-a-vigilancia-sanitaria-em-penedo","status":"publish","type":"post","link":"https:\/\/www.oparanews.com.br\/index.php\/2020\/05\/09\/vereadores-debatem-projeto-relacionado-a-vigilancia-sanitaria-em-penedo\/","title":{"rendered":"Vereadores debatem projeto relacionado \u00e0 Vigil\u00e2ncia Sanit\u00e1ria em Penedo"},"content":{"rendered":"<p>Reunidos em sistema de videoconfer\u00eancia, vereadores da C\u00e2mara Municipal de Penedo debateram nesta quinta-feira, 07 de maio, o Projeto de Lei que faz algumas altera\u00e7\u00f5es em rela\u00e7\u00e3o \u00e0 Vigil\u00e2ncia Sanit\u00e1ria.<\/p>\n<p>A mat\u00e9ria enviada pelo Poder Executivo cria cargos e prev\u00ea a possibilidade de multa para empres\u00e1rios em descumprimento de medidas emergenciais adotadas para o enfretamento do coronav\u00edrus, entre elas a obrigatoriedade do uso de m\u00e1scaras entre funcion\u00e1rios e clientes.<\/p>\n<p>O tema dominou a pauta da sess\u00e3o virtual, conclu\u00edda com pedido de vista da mat\u00e9ria por parte do vereador Fagner Matias.<\/p>\n<p>A reuni\u00e3o registrou ainda a aprova\u00e7\u00e3o do decreto legislativo que concede o t\u00edtulo honor\u00e1rio de cidad\u00e3o penedense para o superintende estadual da Codevasf, Marlan Ferreira Barbosa. A indica\u00e7\u00e3o \u00e9 do vereador Ernande Gama Pinheiro.<\/p>\n<p>A C\u00e2mara Municipal de Penedo tem sess\u00e3o ordin\u00e1ria convocada para a pr\u00f3xima quinta-feira, 14, em dia e hora regimental, por meio de videoconfer\u00eancia, conforme consta em ato do Presidente Marcelo Pereira.<\/p>\n<p><strong>Fonte: Ascom CMP<\/strong><\/p>\n<p>&nbsp;<\/p>\n","protected":false},"excerpt":{"rendered":"<p>Reunidos em sistema de videoconfer\u00eancia, vereadores da C\u00e2mara Municipal de Penedo debateram nesta quinta-feira, 07 de maio, o Projeto de Lei que faz algumas altera\u00e7\u00f5es em rela\u00e7\u00e3o \u00e0 Vigil\u00e2ncia Sanit\u00e1ria. A mat\u00e9ria enviada pelo Poder Executivo cria cargos e prev\u00ea a possibilidade de multa para empres\u00e1rios em descumprimento de medidas emergenciais adotadas para o enfretamento &hellip;<\/p>\n","protected":false},"author":1,"featured_media":6198,"comment_status":"open","ping_status":"open","sticky":false,"template":"","format":"standard","meta":{"_jetpack_newsletter_access":"","_jetpack_dont_email_post_to_subs":false,"_jetpack_newsletter_tier_id":0,"_jetpack_memberships_contains_paywalled_content":false,"_jetpack_memberships_contains_paid_content":false,"footnotes":""},"categories":[1],"tags":[],"class_list":["post-6197","post","type-post","status-publish","format-standard","has-post-thumbnail","hentry","category-destaque"],"jetpack_sharing_enabled":true,"jetpack_featured_media_url":"","_links":{"self":[{"href":"https:\/\/www.oparanews.com.br\/index.php\/wp-json\/wp\/v2\/posts\/6197","targetHints":{"allow":["GET"]}}],"collection":[{"href":"https:\/\/www.oparanews.com.br\/index.php\/wp-json\/wp\/v2\/posts"}],"about":[{"href":"https:\/\/www.oparanews.com.br\/index.php\/wp-json\/wp\/v2\/types\/post"}],"author":[{"embeddable":true,"href":"https:\/\/www.oparanews.com.br\/index.php\/wp-json\/wp\/v2\/users\/1"}],"replies":[{"embeddable":true,"href":"https:\/\/www.oparanews.com.br\/index.php\/wp-json\/wp\/v2\/comments?post=6197"}],"version-history":[{"count":0,"href":"https:\/\/www.oparanews.com.br\/index.php\/wp-json\/wp\/v2\/posts\/6197\/revisions"}],"wp:attachment":[{"href":"https:\/\/www.oparanews.com.br\/index.php\/wp-json\/wp\/v2\/media?parent=6197"}],"wp:term":[{"taxonomy":"category","embeddable":true,"href":"https:\/\/www.oparanews.com.br\/index.php\/wp-json\/wp\/v2\/categories?post=6197"},{"taxonomy":"post_tag","embeddable":true,"href":"https:\/\/www.oparanews.com.br\/index.php\/wp-json\/wp\/v2\/tags?post=6197"}],"curies":[{"name":"wp","href":"https:\/\/api.w.org\/{rel}","templated":true}]}}