{"id":6204,"date":"2020-05-09T19:58:58","date_gmt":"2020-05-09T19:58:58","guid":{"rendered":"https:\/\/oparanews.com.br\/?p=6204"},"modified":"2020-05-09T19:58:58","modified_gmt":"2020-05-09T19:58:58","slug":"teste-confirma-covid-19-em-indigena-alagoana-que-morreu-em-sergipe","status":"publish","type":"post","link":"https:\/\/www.oparanews.com.br\/index.php\/2020\/05\/09\/teste-confirma-covid-19-em-indigena-alagoana-que-morreu-em-sergipe\/","title":{"rendered":"Teste confirma Covid-19 em ind\u00edgena alagoana que morreu em Sergipe"},"content":{"rendered":"<p>A coordena\u00e7\u00e3o do Distrito Sanit\u00e1rio Especial Ind\u00edgena (DSEI) Alagoas e Sergipe confirmou na manh\u00e3 deste s\u00e1bado (9) a primeira morte de ind\u00edgena de Alagoas por Covid-19. A v\u00edtima tinha 56 anos, era da etnia Kariri Xoc\u00f3, e morava na aldeia Kariri Xoc\u00f3, no munic\u00edpio de Porto Real do Col\u00e9gio, em Alagoas. Ela morreu na \u00faltima quinta-feira (7), no munic\u00edpio de Propri\u00e1, em Sergipe.<\/p>\n<p>Por meio de nota, o coordenador distrital, Ivaldo Jos\u00e9 da Silva Melgueiro, informou que a ind\u00edgena tinha comorbidades, como cardiopatia, que causava dispneia e cansa\u00e7o.<\/p>\n<p>O coordenador do distrito explicou que um carro 24 horas do polo base levou a ind\u00edgena no domingo (3) ao pronto-socorro do munic\u00edpio de Porto Real do Col\u00e9gio. A equipe do hospital optou por encaminh\u00e1-la ao hospital de Propri\u00e1, em Sergipe.<\/p>\n<p>No hospital, ela foi considerada como caso suspeito de Covid-19 por causa dos sintomas e precisou ser colocada em uma \u00e1rea de isolamento.<\/p>\n<p>Na segunda-feira (4), foi realizado o exame de PCR para detec\u00e7\u00e3o da Covid-19. O resultado positivo para o novo coronav\u00edrus foi liberado pelo Lacen de Sergipe na \u00faltima sexta-feira (8).<\/p>\n<p>Na nota, o DSEI informa que est\u00e1 investigando o local da poss\u00edvel contamina\u00e7\u00e3o da ind\u00edgena.<\/p>\n<p>\u201cEm nome da SESAI queremos externar os nossos mais sinceros sentimentos a todos os familiares e amigos&#8221;, diz a nota.<\/p>\n<p>O coordenador da DSEI AL\/SE disse que barreiras sanit\u00e1rias foram feitas nas comunidades ind\u00edgenas de Alagoas e de Sergipe para preven\u00e7\u00e3o da Covid-19. A a\u00e7\u00e3o tem como objetivos atingir o maior n\u00famero de ind\u00edgenas para o isolamento social, monitorar e orientar os ind\u00edgenas que est\u00e3o tendo contato com cidades vizinhas e conscientizar toda comunidade ind\u00edgena sobre as medidas de preven\u00e7\u00e3o contra o novo coronav\u00edrus.<\/p>\n<p>&#8220;Iniciamos faz duas semanas com os ind\u00edgenas de Sergipe e estamos colocando para as aldeias ind\u00edgenas do estado de Alagoas&#8221;, explicou Ivaldo Jos\u00e9.<\/p>\n<p>&nbsp;<\/p>\n<p><strong>Fonte: G1\/AL<\/strong><\/p>\n<p>&nbsp;<\/p>\n","protected":false},"excerpt":{"rendered":"<p>A coordena\u00e7\u00e3o do Distrito Sanit\u00e1rio Especial Ind\u00edgena (DSEI) Alagoas e Sergipe confirmou na manh\u00e3 deste s\u00e1bado (9) a primeira morte de ind\u00edgena de Alagoas por Covid-19. A v\u00edtima tinha 56 anos, era da etnia Kariri Xoc\u00f3, e morava na aldeia Kariri Xoc\u00f3, no munic\u00edpio de Porto Real do Col\u00e9gio, em Alagoas. Ela morreu na \u00faltima &hellip;<\/p>\n","protected":false},"author":1,"featured_media":6205,"comment_status":"open","ping_status":"open","sticky":false,"template":"","format":"standard","meta":{"_jetpack_newsletter_access":"","_jetpack_dont_email_post_to_subs":false,"_jetpack_newsletter_tier_id":0,"_jetpack_memberships_contains_paywalled_content":false,"_jetpack_memberships_contains_paid_content":false,"footnotes":""},"categories":[1],"tags":[],"class_list":["post-6204","post","type-post","status-publish","format-standard","has-post-thumbnail","hentry","category-destaque"],"jetpack_sharing_enabled":true,"jetpack_featured_media_url":"","_links":{"self":[{"href":"https:\/\/www.oparanews.com.br\/index.php\/wp-json\/wp\/v2\/posts\/6204","targetHints":{"allow":["GET"]}}],"collection":[{"href":"https:\/\/www.oparanews.com.br\/index.php\/wp-json\/wp\/v2\/posts"}],"about":[{"href":"https:\/\/www.oparanews.com.br\/index.php\/wp-json\/wp\/v2\/types\/post"}],"author":[{"embeddable":true,"href":"https:\/\/www.oparanews.com.br\/index.php\/wp-json\/wp\/v2\/users\/1"}],"replies":[{"embeddable":true,"href":"https:\/\/www.oparanews.com.br\/index.php\/wp-json\/wp\/v2\/comments?post=6204"}],"version-history":[{"count":0,"href":"https:\/\/www.oparanews.com.br\/index.php\/wp-json\/wp\/v2\/posts\/6204\/revisions"}],"wp:attachment":[{"href":"https:\/\/www.oparanews.com.br\/index.php\/wp-json\/wp\/v2\/media?parent=6204"}],"wp:term":[{"taxonomy":"category","embeddable":true,"href":"https:\/\/www.oparanews.com.br\/index.php\/wp-json\/wp\/v2\/categories?post=6204"},{"taxonomy":"post_tag","embeddable":true,"href":"https:\/\/www.oparanews.com.br\/index.php\/wp-json\/wp\/v2\/tags?post=6204"}],"curies":[{"name":"wp","href":"https:\/\/api.w.org\/{rel}","templated":true}]}}